{"id":31441,"date":"2022-11-14T19:41:20","date_gmt":"2022-11-14T22:41:20","guid":{"rendered":"https:\/\/vmcom-knowledge.com.br\/intranet\/?p=31441"},"modified":"2023-03-16T06:39:08","modified_gmt":"2023-03-16T09:39:08","slug":"smart-list-maxilectomia-maxilectomizado","status":"publish","type":"post","link":"https:\/\/vmcom-knowledge.com.br\/intranet\/smart-list-maxilectomia-maxilectomizado\/","title":{"rendered":"Smart list &#8211; maxilectomia\/maxilectomizado"},"content":{"rendered":"\t\t<div data-elementor-type=\"wp-post\" data-elementor-id=\"31441\" class=\"elementor elementor-31441\" data-elementor-settings=\"[]\">\n\t\t\t\t\t\t<div class=\"elementor-inner\">\n\t\t\t\t\t\t\t<div class=\"elementor-section-wrap\">\n\t\t\t\t\t\t\t<section class=\"elementor-section elementor-top-section elementor-element elementor-element-71c13682 elementor-section-boxed elementor-section-height-default elementor-section-height-default\" data-id=\"71c13682\" data-element_type=\"section\">\n\t\t\t\t\t\t<div class=\"elementor-container elementor-column-gap-default\">\n\t\t\t\t\t\t\t<div class=\"elementor-row\">\n\t\t\t\t\t<div class=\"elementor-column elementor-col-100 elementor-top-column elementor-element elementor-element-7c18d728\" data-id=\"7c18d728\" data-element_type=\"column\">\n\t\t\t<div class=\"elementor-column-wrap elementor-element-populated\">\n\t\t\t\t\t\t\t<div class=\"elementor-widget-wrap\">\n\t\t\t\t\t\t<div class=\"elementor-element elementor-element-11e91bf elementor-widget elementor-widget-heading\" data-id=\"11e91bf\" data-element_type=\"widget\" data-widget_type=\"heading.default\">\n\t\t\t\t<div class=\"elementor-widget-container\">\n\t\t\t<h2 class=\"elementor-heading-title elementor-size-default\">artigos - maxilectomia<\/h2>\t\t<\/div>\n\t\t\t\t<\/div>\n\t\t\t\t<div class=\"elementor-element elementor-element-7039dae elementor-widget-divider--view-line elementor-widget elementor-widget-divider\" data-id=\"7039dae\" data-element_type=\"widget\" data-widget_type=\"divider.default\">\n\t\t\t\t<div class=\"elementor-widget-container\">\n\t\t\t\t\t<div class=\"elementor-divider\">\n\t\t\t<span class=\"elementor-divider-separator\">\n\t\t\t\t\t\t<\/span>\n\t\t<\/div>\n\t\t\t\t<\/div>\n\t\t\t\t<\/div>\n\t\t\t\t<div class=\"elementor-element elementor-element-4cb21f6b elementor-widget elementor-widget-text-editor\" data-id=\"4cb21f6b\" data-element_type=\"widget\" data-widget_type=\"text-editor.default\">\n\t\t\t\t<div class=\"elementor-widget-container\">\n\t\t\t\t\t<div class=\"elementor-text-editor elementor-clearfix\"><p><!-- wp:heading {\"level\":3} --><\/p>\n<ol>\n<li>Soares, Ana Laura; Dib, Luciano Lauria; Oliveira, Joaquim Augusto Piras De. Reabilita\u00e7\u00e3o de pacientes oncol\u00f3gicos maxilectomizados: uma abordagem multidisciplinar. ImplantNews 2008;5(1):21-26. [ISSN 1678-6661]<\/li>\n<li>F\u00e1bio Rodrigues, Douglas Blum Segalla, Belkiss M\u00e1rmora, Ana Eliza Corr\u00eaa Rego, Fabiano Souza Pospich, Mirela Bergmann Carlucci. Qualidade de vida depois de maxilectomia e reabilita\u00e7\u00e3o com pr\u00f3tese obturadora. Pr\u00f3teseNews 2017;4(2):194-202.<\/li>\n<li>Juliana Dornelles de Morais Silva, Andre Callegari, Heloisa Fonseca Mar\u00e3o, Lilian Costa Anami, Let\u00edcia Cristina Cidreira Boaro, Caio Vin\u00edcios Gon\u00e7alves Roman Torres, Wilson Roberto Sendyk. Reabilita\u00e7\u00e3o est\u00e9tico funcional em paciente maxilectomizado \u2013 acompanhamento de quatro anos. ImplantNewsPerio 2018;3(4):683-693. [ISSN 2447-7567]<\/li>\n<\/ol>\n<p><!-- \/wp:heading --><\/p><\/div>\n\t\t\t\t<\/div>\n\t\t\t\t<\/div>\n\t\t\t\t\t\t<\/div>\n\t\t\t\t\t<\/div>\n\t\t<\/div>\n\t\t\t\t\t\t\t\t<\/div>\n\t\t\t\t\t<\/div>\n\t\t<\/section>\n\t\t\t\t\t\t<\/div>\n\t\t\t\t\t\t<\/div>\n\t\t\t\t\t<\/div>\n\t\t","protected":false},"excerpt":{"rendered":"<p>artigos &#8211; maxilectomia Soares, Ana Laura; Dib, Luciano Lauria; Oliveira, Joaquim Augusto Piras De. Reabilita\u00e7\u00e3o de pacientes oncol\u00f3gicos maxilectomizados: uma abordagem multidisciplinar. ImplantNews 2008;5(1):21-26. [ISSN 1678-6661] F\u00e1bio Rodrigues, Douglas Blum Segalla, Belkiss M\u00e1rmora, Ana Eliza Corr\u00eaa Rego, Fabiano Souza Pospich, Mirela Bergmann Carlucci. Qualidade de vida depois de maxilectomia e reabilita\u00e7\u00e3o com pr\u00f3tese obturadora. Pr\u00f3teseNews [&hellip;]<\/p>\n","protected":false},"author":16,"featured_media":0,"comment_status":"closed","ping_status":"closed","sticky":false,"template":"","format":"standard","meta":[],"categories":[183],"tags":[],"yoast_head":"<!-- This site is optimized with the Yoast SEO plugin v16.0.2 - https:\/\/yoast.com\/wordpress\/plugins\/seo\/ -->\n<title>Smart list - maxilectomia\/maxilectomizado - Intranet VMCom<\/title>\n<meta property=\"og:locale\" content=\"pt_BR\" \/>\n<meta property=\"og:type\" content=\"article\" \/>\n<meta property=\"og:title\" content=\"Smart list - maxilectomia\/maxilectomizado - Intranet VMCom\" \/>\n<meta property=\"og:description\" content=\"artigos &#8211; maxilectomia Soares, Ana Laura; Dib, Luciano Lauria; Oliveira, Joaquim Augusto Piras De. Reabilita\u00e7\u00e3o de pacientes oncol\u00f3gicos maxilectomizados: uma abordagem multidisciplinar. ImplantNews 2008;5(1):21-26. [ISSN 1678-6661] F\u00e1bio Rodrigues, Douglas Blum Segalla, Belkiss M\u00e1rmora, Ana Eliza Corr\u00eaa Rego, Fabiano Souza Pospich, Mirela Bergmann Carlucci. Qualidade de vida depois de maxilectomia e reabilita\u00e7\u00e3o com pr\u00f3tese obturadora. Pr\u00f3teseNews [&hellip;]\" \/>\n<meta property=\"og:url\" content=\"https:\/\/vmcom-knowledge.com.br\/intranet\/smart-list-maxilectomia-maxilectomizado\/\" \/>\n<meta property=\"og:site_name\" content=\"Intranet VMCom\" \/>\n<meta property=\"article:published_time\" content=\"2022-11-14T22:41:20+00:00\" \/>\n<meta property=\"article:modified_time\" content=\"2023-03-16T09:39:08+00:00\" \/>\n<meta name=\"twitter:card\" content=\"summary_large_image\" \/>\n<meta name=\"twitter:label1\" content=\"Est. tempo de leitura\">\n\t<meta name=\"twitter:data1\" content=\"1 minuto\">\n<script type=\"application\/ld+json\" class=\"yoast-schema-graph\">{\"@context\":\"https:\/\/schema.org\",\"@graph\":[{\"@type\":\"WebSite\",\"@id\":\"https:\/\/vmcom-knowledge.com.br\/intranet\/#website\",\"url\":\"https:\/\/vmcom-knowledge.com.br\/intranet\/\",\"name\":\"Intranet VMCom\",\"description\":\"O seu canal de conhecimento\",\"potentialAction\":[{\"@type\":\"SearchAction\",\"target\":\"https:\/\/vmcom-knowledge.com.br\/intranet\/?s={search_term_string}\",\"query-input\":\"required name=search_term_string\"}],\"inLanguage\":\"pt-BR\"},{\"@type\":\"WebPage\",\"@id\":\"https:\/\/vmcom-knowledge.com.br\/intranet\/smart-list-maxilectomia-maxilectomizado\/#webpage\",\"url\":\"https:\/\/vmcom-knowledge.com.br\/intranet\/smart-list-maxilectomia-maxilectomizado\/\",\"name\":\"Smart list - maxilectomia\/maxilectomizado - Intranet VMCom\",\"isPartOf\":{\"@id\":\"https:\/\/vmcom-knowledge.com.br\/intranet\/#website\"},\"datePublished\":\"2022-11-14T22:41:20+00:00\",\"dateModified\":\"2023-03-16T09:39:08+00:00\",\"author\":{\"@id\":\"https:\/\/vmcom-knowledge.com.br\/intranet\/#\/schema\/person\/eda222d7491d80ca40a6acb32d4011ba\"},\"breadcrumb\":{\"@id\":\"https:\/\/vmcom-knowledge.com.br\/intranet\/smart-list-maxilectomia-maxilectomizado\/#breadcrumb\"},\"inLanguage\":\"pt-BR\",\"potentialAction\":[{\"@type\":\"ReadAction\",\"target\":[\"https:\/\/vmcom-knowledge.com.br\/intranet\/smart-list-maxilectomia-maxilectomizado\/\"]}]},{\"@type\":\"BreadcrumbList\",\"@id\":\"https:\/\/vmcom-knowledge.com.br\/intranet\/smart-list-maxilectomia-maxilectomizado\/#breadcrumb\",\"itemListElement\":[{\"@type\":\"ListItem\",\"position\":1,\"item\":{\"@type\":\"WebPage\",\"@id\":\"https:\/\/vmcom-knowledge.com.br\/intranet\/\",\"url\":\"https:\/\/vmcom-knowledge.com.br\/intranet\/\",\"name\":\"In\\u00edcio\"}},{\"@type\":\"ListItem\",\"position\":2,\"item\":{\"@type\":\"WebPage\",\"@id\":\"https:\/\/vmcom-knowledge.com.br\/intranet\/smart-list-maxilectomia-maxilectomizado\/\",\"url\":\"https:\/\/vmcom-knowledge.com.br\/intranet\/smart-list-maxilectomia-maxilectomizado\/\",\"name\":\"Smart list &#8211; maxilectomia\/maxilectomizado\"}}]},{\"@type\":\"Person\",\"@id\":\"https:\/\/vmcom-knowledge.com.br\/intranet\/#\/schema\/person\/eda222d7491d80ca40a6acb32d4011ba\",\"name\":\"Paulo\",\"image\":{\"@type\":\"ImageObject\",\"@id\":\"https:\/\/vmcom-knowledge.com.br\/intranet\/#personlogo\",\"inLanguage\":\"pt-BR\",\"url\":\"https:\/\/secure.gravatar.com\/avatar\/90d73d8a10232fe66ac0f6bcb1740c8b?s=96&d=mm&r=g\",\"caption\":\"Paulo\"}}]}<\/script>\n<!-- \/ Yoast SEO plugin. -->","_links":{"self":[{"href":"https:\/\/vmcom-knowledge.com.br\/intranet\/wp-json\/wp\/v2\/posts\/31441"}],"collection":[{"href":"https:\/\/vmcom-knowledge.com.br\/intranet\/wp-json\/wp\/v2\/posts"}],"about":[{"href":"https:\/\/vmcom-knowledge.com.br\/intranet\/wp-json\/wp\/v2\/types\/post"}],"author":[{"embeddable":true,"href":"https:\/\/vmcom-knowledge.com.br\/intranet\/wp-json\/wp\/v2\/users\/16"}],"replies":[{"embeddable":true,"href":"https:\/\/vmcom-knowledge.com.br\/intranet\/wp-json\/wp\/v2\/comments?post=31441"}],"version-history":[{"count":10,"href":"https:\/\/vmcom-knowledge.com.br\/intranet\/wp-json\/wp\/v2\/posts\/31441\/revisions"}],"predecessor-version":[{"id":37764,"href":"https:\/\/vmcom-knowledge.com.br\/intranet\/wp-json\/wp\/v2\/posts\/31441\/revisions\/37764"}],"wp:attachment":[{"href":"https:\/\/vmcom-knowledge.com.br\/intranet\/wp-json\/wp\/v2\/media?parent=31441"}],"wp:term":[{"taxonomy":"category","embeddable":true,"href":"https:\/\/vmcom-knowledge.com.br\/intranet\/wp-json\/wp\/v2\/categories?post=31441"},{"taxonomy":"post_tag","embeddable":true,"href":"https:\/\/vmcom-knowledge.com.br\/intranet\/wp-json\/wp\/v2\/tags?post=31441"}],"curies":[{"name":"wp","href":"https:\/\/api.w.org\/{rel}","templated":true}]}}