{"id":29292,"date":"2022-06-11T07:26:42","date_gmt":"2022-06-11T10:26:42","guid":{"rendered":"https:\/\/vmcom-knowledge.com.br\/intranet\/?p=29292"},"modified":"2024-01-15T07:37:45","modified_gmt":"2024-01-15T10:37:45","slug":"smart-list-doencas-gerais","status":"publish","type":"post","link":"https:\/\/vmcom-knowledge.com.br\/intranet\/smart-list-doencas-gerais\/","title":{"rendered":"Smart list &#8211; doen\u00e7as gerais"},"content":{"rendered":"\t\t<div data-elementor-type=\"wp-post\" data-elementor-id=\"29292\" class=\"elementor elementor-29292\" data-elementor-settings=\"[]\">\n\t\t\t\t\t\t<div class=\"elementor-inner\">\n\t\t\t\t\t\t\t<div class=\"elementor-section-wrap\">\n\t\t\t\t\t\t\t<section class=\"elementor-section elementor-top-section elementor-element elementor-element-2962ede2 elementor-section-boxed elementor-section-height-default elementor-section-height-default\" data-id=\"2962ede2\" data-element_type=\"section\">\n\t\t\t\t\t\t<div class=\"elementor-container elementor-column-gap-default\">\n\t\t\t\t\t\t\t<div class=\"elementor-row\">\n\t\t\t\t\t<div class=\"elementor-column elementor-col-100 elementor-top-column elementor-element elementor-element-5dda1811\" data-id=\"5dda1811\" data-element_type=\"column\">\n\t\t\t<div class=\"elementor-column-wrap elementor-element-populated\">\n\t\t\t\t\t\t\t<div class=\"elementor-widget-wrap\">\n\t\t\t\t\t\t<div class=\"elementor-element elementor-element-7b1caf2 elementor-widget elementor-widget-heading\" data-id=\"7b1caf2\" data-element_type=\"widget\" data-widget_type=\"heading.default\">\n\t\t\t\t<div class=\"elementor-widget-container\">\n\t\t\t<h2 class=\"elementor-heading-title elementor-size-default\">artigos - doen\u00e7as gerais<\/h2>\t\t<\/div>\n\t\t\t\t<\/div>\n\t\t\t\t<div class=\"elementor-element elementor-element-ae51b7a elementor-widget-divider--view-line elementor-widget elementor-widget-divider\" data-id=\"ae51b7a\" data-element_type=\"widget\" data-widget_type=\"divider.default\">\n\t\t\t\t<div class=\"elementor-widget-container\">\n\t\t\t\t\t<div class=\"elementor-divider\">\n\t\t\t<span class=\"elementor-divider-separator\">\n\t\t\t\t\t\t<\/span>\n\t\t<\/div>\n\t\t\t\t<\/div>\n\t\t\t\t<\/div>\n\t\t\t\t<div class=\"elementor-element elementor-element-5f9e4cd3 elementor-widget elementor-widget-text-editor\" data-id=\"5f9e4cd3\" data-element_type=\"widget\" data-widget_type=\"text-editor.default\">\n\t\t\t\t<div class=\"elementor-widget-container\">\n\t\t\t\t\t<div class=\"elementor-text-editor elementor-clearfix\"><p><!-- wp:paragraph --><\/p>\n<p><!-- \/wp:paragraph --><\/p>\n<p><!-- wp:heading {\"level\":3} --><\/p>\n<p><!-- \/wp:heading --><\/p>\n<p><!-- wp:paragraph --><\/p>\n<p>Diabetes<\/p>\n<p><!-- \/wp:paragraph --><\/p>\n<p><!-- wp:heading {\"level\":3} --><\/p>\n<p>1.\u00a0\u00a0\u00a0 Bastos, Alliny de Souza; Conte Neto, Nicolau; Orrico, Silvana Regina Perez; Marcantonio, Elcio; Marcantonio Junior, Elcio. Implantes dentais em pacientes com diabetes melittus. ImplantNews 2010;7(6):853-857. [1678-6661]<\/p>\n<p><!-- \/wp:heading --><\/p>\n<p><!-- wp:heading {\"level\":3} --><\/p>\n<p>2.\u00a0\u00a0\u00a0 Guimar\u00e3es, Rodrigo Porto; Oliveira, Peterson Ant\u00f4nio Dutra de; Oliveira, Alcione Maria Soares Dutra. Efeitos adversos da diabetes melittus no reparo \u00f3sseo peri-implantar. ImplantNews 2010;7(5):695-700. [1678-6661]<\/p>\n<p><!-- \/wp:heading --><\/p>\n<p><!-- wp:heading {\"level\":3} --><\/p>\n<p>3.\u00a0\u00a0\u00a0 Manfro, Rafael; Bortoluzzi, Marcelo Carlos; Batistella, M\u00e1rcio Ant\u00f4nio; Bittencourt, Adgar Zeferino; Zago, Camila D`Campora Reis; Manfro, Aline Rosler Grings. Implantes em pacientes diab\u00e9ticos \u2013 do pr\u00e9-operat\u00f3rio ao controle a longo prazo. ImplantNews 2010;7(1):67-70. [1678-6661]<\/p>\n<p><!-- \/wp:heading --><\/p>\n<p><!-- wp:heading {\"level\":3} --><\/p>\n<p>4.\u00a0\u00a0\u00a0 Benso, Bruna; Goiris, F\u00e1bio An\u00edbal Jara; Steffens, Jo\u00e3o Paulo. Diabetes tipo 1 e doen\u00e7a periodontal: considera\u00e7\u00f5es cl\u00ednicas e relato de caso. PerioNews 2011;5(5):488-492. [ISSN 1981-2922]<\/p>\n<p><!-- \/wp:heading --><\/p>\n<p><!-- wp:heading {\"level\":3} --><\/p>\n<p>5.\u00a0\u00a0\u00a0 Frascino, Alexandre Viana Monteiro; Mantesso, Andrea; Corr\u00eaa, Luciana; Nacl\u00e9rio-Homem, Maria da Gra\u00e7a; Deboni, Maria Cristina Zindel. Diabetes melittus, repara\u00e7\u00e3o \u00f3ssea e osseointegra\u00e7\u00e3o. ImplantNews 2011;8(5):680-684. [ISSN 1678-6661]<\/p>\n<p><!-- \/wp:heading --><\/p>\n<p><!-- wp:heading {\"level\":3} --><\/p>\n<p>6.\u00a0\u00a0\u00a0 Corr\u00eaa, M\u00f4nica C; Campos, Mirella L Gomes; Sallum, Antonio Wilson; Sallum, Enilson A. Influ\u00eancia do diabetes mellitus sobre os tecidos periodontais e peri-implantares \u2013 intera\u00e7\u00e3o e conduta. PerioNews 2011;5(3):235-241. [ISSN 1981-2922]<\/p>\n<p><!-- \/wp:heading --><\/p>\n<p><!-- wp:heading {\"level\":3} --><\/p>\n<p>7.\u00a0\u00a0\u00a0 Oliveira, Rafael Nepomuceno; Lisboa, Mario Roberto Pontes; Moreira, Maria M\u00f4nica Studart. Manifesta\u00e7\u00f5es orais em pacientes diab\u00e9ticos. PerioNews 2011;5(6):651-655. [ISSN 1981-2922]<\/p>\n<p><!-- \/wp:heading --><\/p>\n<p><!-- wp:paragraph --><\/p>\n<p><!-- \/wp:heading --><\/p>\n<p><!-- wp:heading {\"level\":3} --><\/p>\n<p>8.\u00a0\u00a0\u00a0 Pinto Filho, Pedro Jorge Fernandes; C\u00e9sar, Juliana Neves; Turatti, Eveline; Pereira, S\u00e9rgio Lu\u00eds da Silva. Uso de azitromicina no tratamento de abscesso periodontal em paciente diab\u00e9tico descompensado. PerioNews 2012;6(3):285-291. [ISSN 1981-2922]<\/p>\n<p><!-- \/wp:heading --><\/p>\n<p><!-- wp:heading {\"level\":3} --><\/p>\n<p>9.\u00a0\u00a0\u00a0 Rabelo, Mariana de Sousa; Gomes, Giovane Hisse; Foz, Adriana Moura; Horliana, Anna Carolina Ratto Tempestini; Artese, Hilana Paula Carillo; Romito, Giuseppe Alexandre. A influ\u00eancia do controle supragengival no n\u00edvel glic\u00eamico de pacientes portadores de diabetes tipo 2. PerioNews 2013;7(1):52-57. [ISSN 1981-2922]<\/p>\n<p><!-- \/wp:heading --><\/p>\n<p><!-- wp:heading {\"level\":3} --><\/p>\n<p>10. Borzino, Lecine; Borzino, Telma; Cesar, Julio; Groisman, Sonia; Groisman, Sonia; Corvino, Marcos. Conhecimento de cirurgi\u00f5es-dentistas sobre diabetes mellitus e sa\u00fade bucal de pacientes com diabetes mellitus em S\u00e3o Gon\u00e7alo\/RJ. Perionews 2013;7(3):293-299. [ISSN 1981-2922]<\/p>\n<p><!-- \/wp:heading --><\/p>\n<p><!-- wp:heading {\"level\":3} --><\/p>\n<p>11. Monteiro, Adriano Monteiro d\u2019Almeida; Monteiro, Carine Schitini Pinheiro d\u2019Almeida; Sassi, Ma\u00edra Soares; Moreira, David Costa; Pereira, Renato Piai; Gusm\u00e3o, Jo\u00e3o Milton Rocha; Assis Junior, Francisco de. Preval\u00eancia da doen\u00e7a periodontal em diab\u00e9ticos controlados. PerioNews 2014;8(5):475-480. [ISSN 1981-2922]<\/p>\n<p><!-- \/wp:heading --><\/p>\n<p><!-- wp:heading {\"level\":3} --><\/p>\n<p>12. Reis, Patr\u00edcia Debetto Cabral; Brunetti, Maria Christina; Soares, Renan Dalla; Benetti, Emerson Toffanello. A rela\u00e7\u00e3o bidirecional entre diabetes mellitus e a doen\u00e7a periodontal. PerioNews 2015;9(6):517-524. [ISSN 1981-2922]<\/p>\n<p><!-- \/wp:heading --><\/p>\n<p><!-- wp:heading {\"level\":3} --><\/p>\n<p>13. Costa, Camila Alves; Bastos, Gabriel Figueiredo; Oliveira, Paula Gabriela Faciola Pessoa de; Taba Jr, M\u00e1rio. Protocolos terap\u00eauticos complementares para candidatos aos implantes nos casos de pacientes com diabetes, osteoporose e h\u00e1bito de fumar. ImplantNews 2015;12(4):453-460. [ISSN 1678-6661]<\/p>\n<p><!-- \/wp:heading --><\/p>\n<p><!-- wp:heading {\"level\":3} --><\/p>\n<p><!-- \/wp:heading --><\/p>\n<p><!-- wp:heading {\"level\":3} --><\/p>\n<p>14. Nader, Daniela Almeida; Freire, Gustavo Henrique Bastos Nacif; Oliveira, Mar\u00edlia Terezinha Gon\u00e7alves; Furtado, Paulo Guilherme Santos; Alvarenga, Thais Madureira; Souza, Ana Carolina Dupim; Lima, Rafael Paschoal Esteves; Mendon\u00e7a, Santuza Maria Souza de. Enfoque bidirecional na rela\u00e7\u00e3o entre periodontite e diabetes mellitus. ImplantNewsPerio 2016;1(3):564-570. [ISSN 2447-7567] \u00a0<\/p>\n<p><!-- \/wp:heading --><\/p>\n<p><!-- wp:paragraph --><\/p>\n<p>\u00a015. Rovai, Emanuel da Silva; Sendyk, Daniel Isaac; Pannuti, Cl\u00e1udio Mendes; Conde, Marina Clemente; Carvalho, C\u00e1ssio Volponi; De Micheli, Giorgio; Ganhito, Juliana Assef. Antibioticoterapia como coadjuvante no tratamento periodontal n\u00e3o cir\u00fargico de pacientes diab\u00e9ticos. ImplantNewsPerio 2016;1(5):997-1001. [ISSN 2447-7567] \u00a0<\/p>\n<p><!-- \/wp:heading --><\/p>\n<p><!-- wp:heading {\"level\":3} --><\/p>\n<p><!-- \/wp:heading --><\/p>\n<p><!-- wp:heading {\"level\":3} --><\/p>\n<p>16. Santos, \u00cdtalo Cardoso dos; Germano, Samara Cirilo Feitosa; Braz, Maria Cleide Azevedo; Araki, \u00c2ngela Toshie; Santos-Pereira, Silvio Ant\u00f4nio dos; Saba-Chujfi, Eduardo. Conhecimento dos profissionais da estrat\u00e9gia de sa\u00fade da fam\u00edlia sobre diabetes e doen\u00e7a periodontal. ImplantNewsPerio 2016;1(6):1179-1187. [ISSN 2447-7567] \u00a0\u00a0<\/p>\n<p><!-- \/wp:heading --><\/p>\n<p><!-- wp:heading {\"level\":3} --><\/p>\n<p>17. Garcia, Alessandra Moran; Cunha, Fabiano Ara\u00fajo; Souza, Marco T\u00falio de; Souza, Lorenza Carvalhaes Machado. Doen\u00e7a periodontal e diabetes mellitus: an\u00e1lise do conhecimento e conduta dos m\u00e9dicos na cidade de Pirapora (MG). ImplantNewsPerio 2016;1(5):939-946. [ISSN 2447-7567]\u00a0\u00a0<\/p>\n<p>18. Miessi, Daniela Maria Janjacomo; Alves, M\u00e1rcio Luiz Ferro; Garcia, Valdir Gouveia; Gon\u00e7alvez, Maryelisa Vicente; Theodoro, Let\u00edcia Helena. Uso da doxiciclina no tratamento periodontal de pacientes diab\u00e9ticos. ImplantNewsPerio 2017;2(3):485-493. [ISSN 2447-7567]<\/p>\n<p><!-- \/wp:list --><\/p>\n<p><!-- wp:heading {\"level\":3} --><\/p>\n<p>19. Eliete Aparecida da Silva, Nathane Dias da Silva, Caroline Denobi de Moraes, F\u00e1bio da Silva Matuda. Diminui\u00e7\u00e3o da administra\u00e7\u00e3o de insulina em diab\u00e9ticos do tipo II, ap\u00f3s a terapia periodontal. ImplantNewsPerio 2018;3(5):951-955.\u00a0 [ISSN 2447-7567]<\/p>\n<p><!-- \/wp:heading --><\/p>\n<p><!-- wp:heading {\"level\":4} --><\/p>\n<p>20. Lidiane Cristina Machado Costa, V\u00edtor Rodrigues Alves, Marina Cardoso Matos, Filipe Pinto Fonseca, Rafael Paschoal Esteves Lima. Efeito da terapia periodontal sobre os \u00edndices glic\u00eamicos em indiv\u00edduos diab\u00e9ticos \u2013 uma revis\u00e3o cr\u00edtica da literatura. ImplantNewsPerio 2019;4(5):976-\u00a0 . [ISSN 2447-7567]<\/p>\n<p><!-- \/wp:heading --><\/p>\n<p><!-- wp:heading {\"level\":3} --><\/p>\n<p>21. Aplica\u00e7\u00e3o do registro periodontal simplificado (PSR) para an\u00e1lise da rela\u00e7\u00e3o bidirecional entre doen\u00e7a periodontal e diabetes. ImplantNews Reab Oral 2021;6(3): ISSN (2675-5610)<\/p>\n<p><!-- \/wp:heading --><\/p>\n<p><!-- wp:paragraph --><\/p>\n<p>\u00a0<\/p>\n<p><u>Osteonecrose e bisfosfonatos<\/u><\/p>\n<p><!-- \/wp:paragraph --><\/p>\n<p><!-- wp:heading {\"level\":3} --><\/p>\n<p>1.\u00a0\u00a0\u00a0 Chaves Netto, Henrique Duque de Miranda; Lisboa, R\u00f4mulo Barbosa; Ortega, Rafael Lopes; Mazzonetto, Renato. Osteonecrose mandibular ap\u00f3s terapia por implantes osseointegrados decorrente do uso do bifosfonato: revis\u00e3o de literatura e relato de caso. ImplantNews 2007;4(4):427-430. [ISSN 1678-6661]<\/p>\n<p><!-- \/wp:heading --><\/p>\n<p><!-- wp:heading {\"level\":3} --><\/p>\n<p>2.\u00a0\u00a0\u00a0 Grempel, Rafael Grotta; Passeri, Luis Augusto. Osteonecrose associada ao uso de bifosfonatos em pacientes submetidos a implantes osseointegr\u00e1veis. ImplantNews 2007;4(6):631-636. [ISSN 1678-6661]<\/p>\n<p><!-- \/wp:heading --><\/p>\n<p><!-- wp:heading {\"level\":3} --><\/p>\n<p>3.\u00a0\u00a0\u00a0 Pe\u00e7anha, Marcelo Massaroni; Carvalho, Bruno Machado de; Pontual, Marco Ant\u00f4nio Brand\u00e3o. Osteonecrose mandibular e maxilar em pacientes que fazem uso de bifosfonatos. ImplantNews 2008;5(6):691-696. [ISSN 1678-6661]\u00a0<\/p>\n<p><!-- \/wp:heading --><\/p>\n<p><!-- wp:heading {\"level\":3} --><\/p>\n<p>4.\u00a0\u00a0\u00a0 Maria Stella N. A. Moreira; Marco Antonio Trevisani Martins; Manoela Domingues Martins; Sueli Patr\u00edcia Harumi Miyagi de Cara; Fernanda Campos Sousa de Almeida; M\u00e1rcia Martins Marques. Laserterapia no tratamento da osteonecrose dos maxilares relacionada ao uso de bifosfonatos. ImplantNews 2012;9(1a):24-29. [ISSN 1678-6661]<\/p>\n<p><!-- \/wp:heading --><\/p>\n<p><!-- wp:heading {\"level\":3} --><\/p>\n<p>5.\u00a0\u00a0\u00a0 Scansetti, Monaliza; Soares, L\u00e9o Guimar\u00e3es; Silva, Denise Gomes da; Tinoco, Eduardo Muniz Barretto; Moleri, Andr\u00e9a Braga; Falabella, M\u00e1rcio Eduardo Vieira. Osteonecrose medicamentosa associada ao uso de bifosfonatos. Perionews 2013;7(3):267-271. [ISSN 1981-2922]<\/p>\n<p><!-- \/wp:heading --><\/p>\n<p><!-- wp:heading {\"level\":3} --><\/p>\n<p>6.\u00a0\u00a0\u00a0 Rodrigues, F\u00e1bio; Carrion, Samantha Jannone; M\u00e1rmora, Belkiss C\u00e2mara; Silva, Milena Bortolotto Felippe. Um levantamento feito com question\u00e1rios sobre o uso, as indica\u00e7\u00f5es e o grau de osteonecrose associada aos bisfosfonatos na cidade de Porto Alegre \u2013 Brasil. ImplantNews 2014;11(1):69-76. [ISSN 1678-6661]\u00a0<\/p>\n<p><!-- \/wp:heading --><\/p>\n<p><!-- wp:heading {\"level\":3} --><\/p>\n<p>7.\u00a0\u00a0\u00a0 Daniel, Gisele Couto de Alencar; Bernardi, Fernanda Helena. Osteonecrose associada ao uso de bifosfonato oral e o risco da perda de implante. ImplantNews 2014;11(2):225-230. [ISSN 1678-6661]<\/p>\n<p><!-- \/wp:heading --><\/p>\n<p><!-- wp:heading {\"level\":3} --><\/p>\n<p>8.\u00a0\u00a0\u00a0 Leite, Gustavo Boehmer; Louro, Ricardo; Vivacqua, Cristiane Ferreira Pinto Paterline; Motta, Sergio Henrique Gon\u00e7alves. Osteonecrose induzida pelo uso de bisfofonatos ap\u00f3s instala\u00e7\u00e3o de implantes dent\u00e1rios \u2013 relato de dois casos. ImplantNews 2015;12(6):771-778. [ISSN 1678-6661]<\/p>\n<p><!-- \/wp:heading --><\/p>\n<p><!-- wp:heading {\"level\":3} --><\/p>\n<p>9.\u00a0\u00a0\u00a0 Sanchez, Maria del Pilar Rodriguez; Pereira, Rodrigo; Nogueira, Lamis Meorin; Cumplido, Maria de Jesus; Ponzoni, Daniela. Implantes osseointegrados em pacientes com doen\u00e7as do metabolismo \u00f3sseo tratadas com bifosfonatos. ImplantNewsPerio 2016;1(1):84-94. [ISSN 2447-7567]<\/p>\n<p><!-- \/wp:heading --><\/p>\n<p><!-- wp:heading {\"level\":3} --><\/p>\n<p>10. Vieira, Fabricio Le Draper; Silva, Rafaella Rodrigues da; Minozzo, Carla; Vieira, Antonio Fabio; Oliveira, Leonel; Oliveira Jr, Nilton Gon\u00e7alves de; Rodrigues, Carlos Roberto Teixeira. Tratamento da osteonecrose mandibular medicamentosa usando a fibrina leucoplaquet\u00e1ria aut\u00f3loga \u00ad Dez meses de acompanhamento sem recidiva. ImplantNewsPerio 2017;2(1):48-55. [ISSN 2447-7567]<\/p>\n<p><!-- \/wp:heading --><\/p>\n<p><!-- wp:heading {\"level\":3} --><\/p>\n<p>11. Freitas, George Borja de; Silva, Alessandra de Freitas e; Lopes, Gustavo Tadeu Rocha; Manh\u00e3es Jr, Luiz Roberto Coutinho; Bernardon, Paula. Conhecimento dos cirurgi\u00f5es-dentistas sobre o uso de bifosfonatos e sua repercuss\u00e3o no tratamento no programa de aten\u00e7\u00e3o b\u00e1sica em Patos (PB). ImplantNewsPerio 2017;2(6):1061-1068. [ISSN 2447-7567]<\/p>\n<p><!-- \/wp:heading --><\/p>\n<p><!-- wp:heading {\"level\":3} --><\/p>\n<p>12. Gabriel Caixeta Ferreira, Vanessa Paulino Mizael, Rafael de Aguiar Vilela Jr.\u00a0Utiliza\u00e7\u00e3o de bifosfonatos na terapia periodontal.\u00a0\u00a0ImplantNewsPerio 2018;3(6):1134-1137.\u00a0\u00a0[ISSN 2447-7567]<\/p>\n<p><!-- \/wp:heading --><\/p>\n<p><!-- wp:heading {\"level\":3} --><\/p>\n<p>\u00a013. Jonatan Treiger, Sharon Treiger, Suely Zeitoune, Jos\u00e9 Jorge Schoichet, Ricardo Villas-Boas, Telma Aguiar, Gilson Trist\u00e3o, Marina Pinheiro, Priscila Ladeira Casado. Osteonecrose de maxilares relacionada ao uso de medicamentos: considera\u00e7\u00f5es em implantodontia. ImplantNewsPerio 2019;4(1):104-113.\u00a0 [ISSN 2447-7567]<\/p>\n<p><!-- \/wp:heading --><\/p>\n<p><!-- wp:heading {\"level\":4} --><\/p>\n<p>14. Vitor Jos\u00e9 da Fonseca, Bruno Costa Martins de S\u00e1, Alexander Tadeu Sverzut, Luciana Asprino, M\u00e1rcio de Moraes, Claudio Ferreira N\u00f3ia. Investiga\u00e7\u00e3o cl\u00ednico-epidemiol\u00f3gica da instala\u00e7\u00e3o de implantes dent\u00e1rios em pacientes que fazem uso de bifosfonatos: estudo transversal retrospectivo. ImplantNewsPerio 2019;4(1):75-81. [ISSN 2447-7567]<\/p>\n<p><!-- \/wp:heading --><\/p>\n<p><!-- wp:heading {\"level\":3} --><\/p>\n<p>15. Felipe Germoglio Cardoso Mac\u00eado, Gabriel Albuquerque Guillen, Bruno Costa Martins de S\u00e1, Claudio Ferreira N\u00f3ia. Considera\u00e7\u00f5es atuais acerca do tratamento de pacientes com osteonecrose dos maxilares induzida por bifosfonatos. ImplantNewsPerio 2020;5(1):93-100. [ISSN 2447-7567]<\/p>\n<p><!-- \/wp:heading --><\/p>\n<p><!-- wp:heading {\"level\":3} --><\/p>\n<p>\u00a0<\/p>\n<p><span style=\"text-decoration: underline;\">Press\u00e3o\/hipertens\u00e3o arterial, c\u00e2ncer, diabetes, estresse, obesidade, doen\u00e7a periodontal, implantes dent\u00e1rios<\/span><\/p>\n<p><!-- \/wp:heading --><\/p>\n<p><!-- wp:heading {\"level\":3} --><\/p>\n<p>1.\u00a0\u00a0\u00a0 Carvalho, Paulo S\u00e9rgio Perri de; Mosele, Oscar Luiz. Ocorr\u00eancia de enfermidades ou condi\u00e7\u00f5es sist\u00eamicas detectadas ap\u00f3s avalia\u00e7\u00e3o pr\u00e9-operat\u00f3ria da sa\u00fade de 2.475 pacientes. ImplantNews 2006;3(4):346-352. [ISSN 1678-6661]<\/p>\n<p><!-- \/wp:heading --><\/p>\n<p><!-- wp:heading {\"level\":3} --><\/p>\n<p>2.\u00a0\u00a0\u00a0 Carnio, Jo\u00e3o; Valenga, Simone; Fuganti, Marcel Rodrigo; Ito, Fernanda Akemi Nakanishi; Kreling, Pedro Aloysio. Estudo comparativo entre o esfigmoman\u00f4metro e o aparelho digital de pulso na aferi\u00e7\u00e3o da press\u00e3o arterial e da pulsa\u00e7\u00e3o em pacientes submetidos a tratamento periodontal. PerioNews 2011;5(6):637-642. [ISSN 1981-2922]<\/p>\n<p><!-- \/wp:heading --><\/p>\n<p><!-- wp:heading {\"level\":3} --><\/p>\n<p>3.\u00a0\u00a0\u00a0 Lima, Patricia Oliveira de; Calil, Caroline Morini; Marcondes, Fernanda Klein. Rela\u00e7\u00e3o entre estresse e compostos sulfurados vol\u00e1teis: participa\u00e7\u00e3o do sulfeto de hidrog\u00eanio. PerioNews 2012;6(2):171-179. [ISSN 1981-2922]<\/p>\n<p><!-- \/wp:heading --><\/p>\n<p><!-- wp:heading {\"level\":3} --><\/p>\n<p>4.\u00a0\u00a0\u00a0 Nascimento, Laura Alves Machado; Toledo, Benedicto Egbert Corr\u00eaa de; Martins, Alex Tadeu; Pires, Juliana Rico; Zuza, Elizangela Partata. Rela\u00e7\u00e3o entre obesidade e doen\u00e7as periodontais em crian\u00e7as e adolescentes. PerioNews 2014;8(6):571-576. [ISSN 1981-2922]<\/p>\n<p><!-- \/wp:heading --><\/p>\n<p><!-- wp:heading {\"level\":3} --><\/p>\n<p>5.\u00a0\u00a0\u00a0 M\u00e9lo, Genivaldo Soares de. Avalia\u00e7\u00e3o e preven\u00e7\u00e3o da hipertens\u00e3o arterial por vasos constritores em implantodontia \u2013 estudo cl\u00ednico prospectivo. ImplantNews 2015;12(1):26-30. [ISSN 1678-6661]<\/p>\n<p><!-- \/wp:heading --><\/p>\n<p><!-- wp:heading {\"level\":3} --><\/p>\n<p>6.\u00a0\u00a0\u00a0 Vargas Villafuerte, Kelly Rocio; Dantas, Felipe Torres; Carrara, H\u00e9lio Humberto Angotti; Reis, Francisco Jos\u00e9 Candido dos; Palioto, Daniela Bazan. Associa\u00e7\u00e3o entre c\u00e2ncer de mama e doen\u00e7a periodontal. PerioNews 2015;9(4):294-298. [ISSN 1981-2922]<\/p>\n<p><!-- \/wp:heading --><\/p>\n<p><!-- wp:heading {\"level\":3} --><\/p>\n<p>7.\u00a0\u00a0\u00a0 Fernandes, Hayanne G. Kimura; Marinho, Millena Aparecida de Souza; Pereira, Estella Maris; Silva, Camila C. V; Ribeiro, Thais Freitas; Vilela Jr, Rafael Aguiar. A rela\u00e7\u00e3o entre obesidade e doen\u00e7a periodontal. ImplantNewsPerio 2016;1(2):375-378. [ISSN 2447-7567]<\/p>\n<p><!-- \/wp:heading --><\/p>\n<p><!-- wp:heading {\"level\":3} --><\/p>\n<p>8.\u00a0\u00a0\u00a0 Marques, F\u00e1bio Vidal; Craveiro, Mariano; Rosalem Jr, Wilson; Medeiros, Bruno Rescala Conde de; Medeiros, Bruno Rescala Conde de; Fischer, Ricardo Guimar\u00e3es. Doen\u00e7as periodontais e hipertens\u00e3o prim\u00e1ria grave: estudo transversal com 170 pacientes. ImplantNewsPerio 2016;1(1):135-140. [ISSN 2447-7567]<\/p>\n<p><!-- \/wp:heading --><\/p>\n<p><!-- wp:heading {\"level\":3} --><\/p>\n<p>9.\u00a0\u00a0\u00a0 Pedrazini, Maria Cristina; Montagner, Ant\u00f4nio Marcos; Shimaoka, Carlos Alberto; Held, Andr\u00e9 Barros de; Alves, Alessandro Lu\u00eds Chaves. O significado de uma diferen\u00e7a elevada na press\u00e3o arterial entre os dois bra\u00e7os e antes dos implantes dent\u00e1rios: um alerta preocupante, reflex\u00f5es e tratamento. ImplantNewsPerio 2016;1(8):1561-1569. [ISSN 2447-7567]<\/p>\n<p><!-- \/wp:heading --><\/p>\n<p><!-- wp:heading {\"level\":3} --><\/p>\n<p>10. Silva, Giovanni Comora; Ferreira, Rafael; Sant\u2019Ana, Adriana Campos Passanezi; Rezende, Maria L\u00facia Rubo de; Damante, Carla Andreotti; Zangrando, Mariana Schutzer Ragghianti; Gregh, Sebasti\u00e3o Luiz Aguiar. Uso de sess\u00f5es m\u00faltiplas de terapia fotodin\u00e2mica antimicrobiana como adjuvante ao retratamento de gengivite cr\u00f4nica em paciente com alto n\u00edvel de estresse. ImplantNewsPerio 2016;1(6):1189-1193. [ISSN 2447-7567]<\/p>\n<p><!-- \/wp:heading --><\/p>\n<p><!-- wp:heading {\"level\":3} --><\/p>\n<p>11. Correia, Giovana Bertaglia; Santos, Thelma Margarida de Moraes dos; Ara\u00fajo, C\u00edntia de Souza Alferes; Campos, \u00c9rico Bruno Viana; Campos, Mirella Lindoso Gomes; Saraiva, Patr\u00edcia Pinto. Associa\u00e7\u00e3o entre estresse e doen\u00e7as periodontais \u2013 Estudo transversal. ImplantNewsPerio 2017;2(4):698-703. [ISSN 2447-7567]<\/p>\n<p><!-- \/wp:heading --><\/p>\n<p><!-- wp:heading {\"level\":3} --><\/p>\n<p>12. Don\u00e1, Maria Fernanda de Genova; Rosa, Vinicius Matheus; Ara\u00fajo, C\u00edntia de Souza Alferes; Santiago J\u00fanior, Joel Ferreira; Campos, Mirella Lindoso Gomes. Influ\u00eancia da condi\u00e7\u00e3o sist\u00eamica e de h\u00e1bitos no perfil periodontal: Estudo retrospectivo. ImplantNewsPerio 2017;2(1):137-144. [ISSN 2447-7567]<\/p>\n<p><!-- \/wp:heading --><\/p>\n<p><!-- wp:heading {\"level\":3} --><\/p>\n<p>13. Olinger, Maria Ge\u00f3rgia; Sartorato, F\u00e1bio Ant\u00f4nio Signorini; Saba-Chujfi, Eduardo. A influ\u00eancia do estresse na instala\u00e7\u00e3o e progress\u00e3o das doen\u00e7as periodontais. ImplantNewsPerio 2017;2(6):1100-1106. [ISSN 2447-7567]<\/p>\n<p><!-- \/wp:heading --><\/p>\n<p><!-- wp:heading {\"level\":3} --><\/p>\n<p>14. Cunha, Fabiano Ara\u00fajo; Lima, Rafael Pachoal Esteves; Cunha, Maria Aparecida Gon\u00e7alves de Melo; Castro, Maur\u00edcio Augusto Aquino de. Depress\u00e3o e transtorno afetivo bipolar \u2013 existe associa\u00e7\u00e3o com a periodontite? ImplantNewsPerio 2018;3(3):563-569. [ISSN 2447-7567]<\/p>\n<p><!-- \/wp:heading --><\/p>\n<p><!-- wp:heading {\"level\":3} --><\/p>\n<p>15. Millena Faria de Oliveira, Gabriel Caixeta Ferreira, Waldelene Taciane Paulino, Rafael de Aguiar Vilela J\u00fanior.\u00a0Doen\u00e7a periodontal em mulheres na p\u00f3s-menopausa e sua inter-rela\u00e7\u00e3o com a osteoporose.\u00a0ImplantNewsPerio 2018;3(6):1155-1159.\u00a0\u00a0[ISSN 2447-7567]<\/p>\n<p><!-- \/wp:heading --><\/p>\n<p><!-- wp:heading {\"level\":4} --><\/p>\n<p>16. Halison Pereira Matias, Gabriel Caixeta Ferreira, Rafael de Aguiar Vilela Jr. Rela\u00e7\u00e3o entre horm\u00f4nios esteroides femininos e doen\u00e7a periodontal. ImplantNewsPerio 2019;4(1):176-180.\u00a0 [ISSN 2447-7567]<\/p>\n<p><!-- \/wp:heading --><\/p>\n<p><!-- wp:heading {\"level\":3} --><\/p>\n<p>17. Hellen Karynne Borges Pires, Jos\u00e9 Pereira de Melo Neto, Maria Soraia Alves Evangelista Melo, Marta Rosado de Oliveira Campos. Rela\u00e7\u00e3o doen\u00e7a periodontal, pancreatite e c\u00e2ncer de p\u00e2ncreas: revis\u00e3o sistem\u00e1tica da literatura. ImplantNewsPerio 2020;5(1):143-149. [ISSN 2447-7567]<\/p>\n<p style=\"margin: 0cm; text-align: justify; background-image: initial; background-position: initial; background-size: initial; background-repeat: initial; background-attachment: initial; background-origin: initial; background-clip: initial;\"><span style=\"font-size: 12.0pt; font-family: 'Arial',sans-serif; font-weight: normal;\">\u00a0<span style=\"color: #000000;\">18.<\/span>\u00a0<\/span><span style=\"font-family: Arial, sans-serif; color: black; padding: 0cm; border: 1pt none windowtext;\">Rela\u00e7\u00e3o entre risco de c\u00e2ncer e periodontite. ImplantNews Reab Oral 2022;7(3):410- (ISSN 2675-5610)<\/span><\/p>\n<p style=\"margin: 0cm; text-align: justify; background-image: initial; background-position: initial; background-size: initial; background-repeat: initial; background-attachment: initial; background-origin: initial; background-clip: initial;\"><span style=\"font-family: Arial, sans-serif; color: black; padding: 0cm; border: 1pt none windowtext;\">19.\u00a0<\/span><span style=\"color: black; font-family: 'inherit', serif; font-size: 18px;\">Terapia periodontal n\u00e3o cir\u00fargica para redu\u00e7\u00e3o de riscos cardiovasculares em pacientes com s\u00edndrome metab\u00f3lica: revis\u00e3o da literatura integrativa. ImplantNews Reab Oral 2022;7(4): (ISSN 2675-5610).<\/span><\/p>\n<p style=\"margin: 0cm; text-align: justify; background-image: initial; background-position: initial; background-size: initial; background-repeat: initial; background-attachment: initial; background-origin: initial; background-clip: initial;\"><span style=\"color: black; font-family: 'inherit', serif; font-size: 18px;\">20.\u00a0<\/span><span style=\"color: #333333; font-family: Roboto, sans-serif; font-size: 18px; font-style: normal; font-variant-ligatures: normal; font-variant-caps: normal; font-weight: 600;\">Aspectos de sa\u00fade oral e geral na s\u00edndrome da fragilidade em idosos ambulatoriais: estudo transversal. ImplantNews Reab Oral 2022;7(5): (ISSN 2675-5610).<\/span><\/p>\n<p style=\"margin: 0cm; text-align: justify; background-image: initial; background-position: initial; background-size: initial; background-repeat: initial; background-attachment: initial; background-origin: initial; background-clip: initial;\"><span style=\"color: #333333; font-family: Roboto, sans-serif; font-size: 18px; font-style: normal; font-variant-ligatures: normal; font-variant-caps: normal; font-weight: 600;\">21.\u00a0<\/span><span style=\"font-size: 18px;\">Uso da pr\u00f3tese total fixa\/h\u00edbrida sobre implantes fabricada em PEEK como alternativa terap\u00eautica est\u00e9tica e funcional nos tratamentos ressectivos mandibulares oncol\u00f3gicos. ImplantNews Reab Oral 2023;8(6):928-35. (ISSN 2675-5610)<\/span><\/p>\n<p style=\"margin: 0cm; text-align: justify; background-image: initial; background-position: initial; background-size: initial; background-repeat: initial; background-attachment: initial; background-origin: initial; background-clip: initial;\"><span style=\"color: #333333; font-family: Roboto, sans-serif; font-size: 18px; font-style: normal; font-variant-ligatures: normal; font-variant-caps: normal; font-weight: 600;\">\u00a0<\/span><\/p>\n<p style=\"margin: 0cm; text-align: justify; background-image: initial; background-position: initial; background-size: initial; background-repeat: initial; background-attachment: initial; background-origin: initial; background-clip: initial;\"><span style=\"text-decoration: underline;\"><span style=\"color: #333333; font-family: Roboto, sans-serif; font-size: 18px; font-style: normal; font-variant-ligatures: normal; font-variant-caps: normal; font-weight: 600; text-decoration: underline;\">Tireoide de Hashimoto<\/span><\/span><\/p>\n<p style=\"margin: 0cm; text-align: justify; background-image: initial; background-position: initial; background-size: initial; background-repeat: initial; background-attachment: initial; background-origin: initial; background-clip: initial;\"><span style=\"color: #333333; font-family: Roboto, sans-serif; font-size: 18px; font-style: normal; font-variant-ligatures: normal; font-variant-caps: normal; font-weight: 600;\">22.\u00a0<\/span><span style=\"font-size: 18px;\">Rela\u00e7\u00e3o entre a tireoidite de Hashimoto e as doen\u00e7as periodontais. ImplantNews Reab Oral 2023;8(6):896-901. (ISSN 2675-5610)<\/span><\/p>\n<p><!-- \/wp:heading --><\/p>\n<p><!-- wp:heading {\"level\":3} --><\/p>\n<p>\u00a0<\/p>\n<p><!-- \/wp:list --><\/p><\/div>\n\t\t\t\t<\/div>\n\t\t\t\t<\/div>\n\t\t\t\t\t\t<\/div>\n\t\t\t\t\t<\/div>\n\t\t<\/div>\n\t\t\t\t\t\t\t\t<\/div>\n\t\t\t\t\t<\/div>\n\t\t<\/section>\n\t\t\t\t\t\t<\/div>\n\t\t\t\t\t\t<\/div>\n\t\t\t\t\t<\/div>\n\t\t","protected":false},"excerpt":{"rendered":"<p>artigos &#8211; doen\u00e7as gerais Diabetes 1.\u00a0\u00a0\u00a0 Bastos, Alliny de Souza; Conte Neto, Nicolau; Orrico, Silvana Regina Perez; Marcantonio, Elcio; Marcantonio Junior, Elcio. Implantes dentais em pacientes com diabetes melittus. ImplantNews 2010;7(6):853-857. [1678-6661] 2.\u00a0\u00a0\u00a0 Guimar\u00e3es, Rodrigo Porto; Oliveira, Peterson Ant\u00f4nio Dutra de; Oliveira, Alcione Maria Soares Dutra. Efeitos adversos da diabetes melittus no reparo \u00f3sseo peri-implantar. [&hellip;]<\/p>\n","protected":false},"author":16,"featured_media":0,"comment_status":"closed","ping_status":"closed","sticky":false,"template":"","format":"standard","meta":[],"categories":[183],"tags":[],"yoast_head":"<!-- This site is optimized with the Yoast SEO plugin v16.0.2 - https:\/\/yoast.com\/wordpress\/plugins\/seo\/ -->\n<title>Smart list - doen\u00e7as gerais - Intranet VMCom<\/title>\n<meta property=\"og:locale\" content=\"pt_BR\" \/>\n<meta property=\"og:type\" content=\"article\" \/>\n<meta property=\"og:title\" content=\"Smart list - doen\u00e7as gerais - Intranet VMCom\" \/>\n<meta property=\"og:description\" content=\"artigos &#8211; doen\u00e7as gerais Diabetes 1.\u00a0\u00a0\u00a0 Bastos, Alliny de Souza; Conte Neto, Nicolau; Orrico, Silvana Regina Perez; Marcantonio, Elcio; Marcantonio Junior, Elcio. Implantes dentais em pacientes com diabetes melittus. ImplantNews 2010;7(6):853-857. [1678-6661] 2.\u00a0\u00a0\u00a0 Guimar\u00e3es, Rodrigo Porto; Oliveira, Peterson Ant\u00f4nio Dutra de; Oliveira, Alcione Maria Soares Dutra. Efeitos adversos da diabetes melittus no reparo \u00f3sseo peri-implantar. [&hellip;]\" \/>\n<meta property=\"og:url\" content=\"https:\/\/vmcom-knowledge.com.br\/intranet\/smart-list-doencas-gerais\/\" \/>\n<meta property=\"og:site_name\" content=\"Intranet VMCom\" \/>\n<meta property=\"article:published_time\" content=\"2022-06-11T10:26:42+00:00\" \/>\n<meta property=\"article:modified_time\" content=\"2024-01-15T10:37:45+00:00\" \/>\n<meta name=\"twitter:card\" content=\"summary_large_image\" \/>\n<meta name=\"twitter:label1\" content=\"Est. tempo de leitura\">\n\t<meta name=\"twitter:data1\" content=\"9 minutos\">\n<script type=\"application\/ld+json\" class=\"yoast-schema-graph\">{\"@context\":\"https:\/\/schema.org\",\"@graph\":[{\"@type\":\"WebSite\",\"@id\":\"https:\/\/vmcom-knowledge.com.br\/intranet\/#website\",\"url\":\"https:\/\/vmcom-knowledge.com.br\/intranet\/\",\"name\":\"Intranet VMCom\",\"description\":\"O seu canal de conhecimento\",\"potentialAction\":[{\"@type\":\"SearchAction\",\"target\":\"https:\/\/vmcom-knowledge.com.br\/intranet\/?s={search_term_string}\",\"query-input\":\"required name=search_term_string\"}],\"inLanguage\":\"pt-BR\"},{\"@type\":\"WebPage\",\"@id\":\"https:\/\/vmcom-knowledge.com.br\/intranet\/smart-list-doencas-gerais\/#webpage\",\"url\":\"https:\/\/vmcom-knowledge.com.br\/intranet\/smart-list-doencas-gerais\/\",\"name\":\"Smart list - doen\\u00e7as gerais - Intranet VMCom\",\"isPartOf\":{\"@id\":\"https:\/\/vmcom-knowledge.com.br\/intranet\/#website\"},\"datePublished\":\"2022-06-11T10:26:42+00:00\",\"dateModified\":\"2024-01-15T10:37:45+00:00\",\"author\":{\"@id\":\"https:\/\/vmcom-knowledge.com.br\/intranet\/#\/schema\/person\/eda222d7491d80ca40a6acb32d4011ba\"},\"breadcrumb\":{\"@id\":\"https:\/\/vmcom-knowledge.com.br\/intranet\/smart-list-doencas-gerais\/#breadcrumb\"},\"inLanguage\":\"pt-BR\",\"potentialAction\":[{\"@type\":\"ReadAction\",\"target\":[\"https:\/\/vmcom-knowledge.com.br\/intranet\/smart-list-doencas-gerais\/\"]}]},{\"@type\":\"BreadcrumbList\",\"@id\":\"https:\/\/vmcom-knowledge.com.br\/intranet\/smart-list-doencas-gerais\/#breadcrumb\",\"itemListElement\":[{\"@type\":\"ListItem\",\"position\":1,\"item\":{\"@type\":\"WebPage\",\"@id\":\"https:\/\/vmcom-knowledge.com.br\/intranet\/\",\"url\":\"https:\/\/vmcom-knowledge.com.br\/intranet\/\",\"name\":\"In\\u00edcio\"}},{\"@type\":\"ListItem\",\"position\":2,\"item\":{\"@type\":\"WebPage\",\"@id\":\"https:\/\/vmcom-knowledge.com.br\/intranet\/smart-list-doencas-gerais\/\",\"url\":\"https:\/\/vmcom-knowledge.com.br\/intranet\/smart-list-doencas-gerais\/\",\"name\":\"Smart list &#8211; doen\\u00e7as gerais\"}}]},{\"@type\":\"Person\",\"@id\":\"https:\/\/vmcom-knowledge.com.br\/intranet\/#\/schema\/person\/eda222d7491d80ca40a6acb32d4011ba\",\"name\":\"Paulo\",\"image\":{\"@type\":\"ImageObject\",\"@id\":\"https:\/\/vmcom-knowledge.com.br\/intranet\/#personlogo\",\"inLanguage\":\"pt-BR\",\"url\":\"https:\/\/secure.gravatar.com\/avatar\/90d73d8a10232fe66ac0f6bcb1740c8b?s=96&d=mm&r=g\",\"caption\":\"Paulo\"}}]}<\/script>\n<!-- \/ Yoast SEO plugin. -->","_links":{"self":[{"href":"https:\/\/vmcom-knowledge.com.br\/intranet\/wp-json\/wp\/v2\/posts\/29292"}],"collection":[{"href":"https:\/\/vmcom-knowledge.com.br\/intranet\/wp-json\/wp\/v2\/posts"}],"about":[{"href":"https:\/\/vmcom-knowledge.com.br\/intranet\/wp-json\/wp\/v2\/types\/post"}],"author":[{"embeddable":true,"href":"https:\/\/vmcom-knowledge.com.br\/intranet\/wp-json\/wp\/v2\/users\/16"}],"replies":[{"embeddable":true,"href":"https:\/\/vmcom-knowledge.com.br\/intranet\/wp-json\/wp\/v2\/comments?post=29292"}],"version-history":[{"count":58,"href":"https:\/\/vmcom-knowledge.com.br\/intranet\/wp-json\/wp\/v2\/posts\/29292\/revisions"}],"predecessor-version":[{"id":42184,"href":"https:\/\/vmcom-knowledge.com.br\/intranet\/wp-json\/wp\/v2\/posts\/29292\/revisions\/42184"}],"wp:attachment":[{"href":"https:\/\/vmcom-knowledge.com.br\/intranet\/wp-json\/wp\/v2\/media?parent=29292"}],"wp:term":[{"taxonomy":"category","embeddable":true,"href":"https:\/\/vmcom-knowledge.com.br\/intranet\/wp-json\/wp\/v2\/categories?post=29292"},{"taxonomy":"post_tag","embeddable":true,"href":"https:\/\/vmcom-knowledge.com.br\/intranet\/wp-json\/wp\/v2\/tags?post=29292"}],"curies":[{"name":"wp","href":"https:\/\/api.w.org\/{rel}","templated":true}]}}