{"id":27650,"date":"2022-05-09T06:25:34","date_gmt":"2022-05-09T09:25:34","guid":{"rendered":"https:\/\/vmcom-knowledge.com.br\/intranet\/?p=27650"},"modified":"2024-01-15T07:20:57","modified_gmt":"2024-01-15T10:20:57","slug":"smart-list-recessao-gengival-recessao-peri-implantar-recobrimento-radicular-matriz-dermica","status":"publish","type":"post","link":"https:\/\/vmcom-knowledge.com.br\/intranet\/smart-list-recessao-gengival-recessao-peri-implantar-recobrimento-radicular-matriz-dermica\/","title":{"rendered":"Smart list &#8211; Recess\u00e3o gengival, recess\u00e3o peri-implantar, recobrimento radicular, matriz d\u00e9rmica"},"content":{"rendered":"\t\t<div data-elementor-type=\"wp-post\" data-elementor-id=\"27650\" class=\"elementor elementor-27650\" data-elementor-settings=\"[]\">\n\t\t\t\t\t\t<div class=\"elementor-inner\">\n\t\t\t\t\t\t\t<div class=\"elementor-section-wrap\">\n\t\t\t\t\t\t\t<section class=\"elementor-section elementor-top-section elementor-element elementor-element-2baac4f8 elementor-section-boxed elementor-section-height-default elementor-section-height-default\" data-id=\"2baac4f8\" data-element_type=\"section\">\n\t\t\t\t\t\t<div class=\"elementor-container elementor-column-gap-default\">\n\t\t\t\t\t\t\t<div class=\"elementor-row\">\n\t\t\t\t\t<div class=\"elementor-column elementor-col-100 elementor-top-column elementor-element elementor-element-207ddf7e\" data-id=\"207ddf7e\" data-element_type=\"column\">\n\t\t\t<div class=\"elementor-column-wrap elementor-element-populated\">\n\t\t\t\t\t\t\t<div class=\"elementor-widget-wrap\">\n\t\t\t\t\t\t<div class=\"elementor-element elementor-element-90c7802 elementor-widget elementor-widget-heading\" data-id=\"90c7802\" data-element_type=\"widget\" data-widget_type=\"heading.default\">\n\t\t\t\t<div class=\"elementor-widget-container\">\n\t\t\t<h2 class=\"elementor-heading-title elementor-size-default\">artigos - Recess\u00e3o gengival<\/h2>\t\t<\/div>\n\t\t\t\t<\/div>\n\t\t\t\t<div class=\"elementor-element elementor-element-4a4b7ea elementor-widget-divider--view-line elementor-widget elementor-widget-divider\" data-id=\"4a4b7ea\" data-element_type=\"widget\" data-widget_type=\"divider.default\">\n\t\t\t\t<div class=\"elementor-widget-container\">\n\t\t\t\t\t<div class=\"elementor-divider\">\n\t\t\t<span class=\"elementor-divider-separator\">\n\t\t\t\t\t\t<\/span>\n\t\t<\/div>\n\t\t\t\t<\/div>\n\t\t\t\t<\/div>\n\t\t\t\t<div class=\"elementor-element elementor-element-43ddd653 elementor-widget elementor-widget-text-editor\" data-id=\"43ddd653\" data-element_type=\"widget\" data-widget_type=\"text-editor.default\">\n\t\t\t\t<div class=\"elementor-widget-container\">\n\t\t\t\t\t<div class=\"elementor-text-editor elementor-clearfix\"><p><!-- wp:heading {\"level\":3} --><\/p>\n<p>1.\u00a0\u00a0\u00a0 Damante, Carla A; Taga, M\u00e1rcio Luiz Lima; Sant\u2019Ana, Adriana Campos Passanezi; Greghi, Sebasti\u00e3o Luiz Aguiar; Rezende, Maria L\u00facia Rubo de; Passanezi, Euloir. Uso de piercing na l\u00edngua como fator etiol\u00f3gico incomum de recess\u00f5es gengivais. PerioNews 2007;1(4):325-328. [ISSN 1981-2922]<\/p>\n<p><!-- \/wp:heading --><\/p>\n<p><!-- wp:heading {\"level\":3} --><\/p>\n<p>2.\u00a0\u00a0\u00a0 Barros, Jo\u00e3o Paulo Corr\u00eaa; Pessoa, Larissa; Karam, Paula Stephania Brand\u00e3o Hage; Azavedo, Fab\u00edloa Pontes; Rezende, Maria Lucia Rubio de; Greghi, Sebasti\u00e3o Luiz aguiar; Sant\u2019Ana, Adriana Campos Passanezi; Damante, Carla Andreotti. A import\u00e2ncia da periodontia para pacientes com hipersensibilidade dentin\u00e1ria radicular por recess\u00e3o gengival. Perionews 2007;1(6):560-564. [ISSN 1981-2922]<\/p>\n<p><!-- \/wp:heading --><\/p>\n<p><!-- wp:heading {\"level\":3} --><\/p>\n<p>3.\u00a0\u00a0\u00a0 Barbosa, Viviene Santana; Miranda, Carolina Baptista; Monteiro, Adriano Monteiro d\u00b4Almeida; Rios, Marcelo de Azevedo. Tratamento de recess\u00e3o gengival associada a les\u00f5es cervicais. \u00a0PerioNews 2010;4(1):49-53. [ISSN 1981-2922]<\/p>\n<p><!-- \/wp:heading --><\/p>\n<p><!-- wp:heading {\"level\":3} --><\/p>\n<p>4.\u00a0\u00a0\u00a0 Carnio, Jo\u00e3o; Nakanishi-Ito, Fernanda Akemi; Tashiro, Michel Hikaru. Retalho reposicionado apical modificado e retalho posicionado coron\u00e1rio. Combina\u00e7\u00e3o de t\u00e9cnicas cir\u00fargicas para tratamento de recess\u00e3o radicular. PerioNews 2011;5(1):35-40. [ISSN 1981-2922]<\/p>\n<p><!-- \/wp:heading --><\/p>\n<p><!-- wp:heading {\"level\":3} --><\/p>\n<p>5.\u00a0\u00a0\u00a0 Trevisan, Claudia Roberta Ten\u00f3rio; Deliberador, Tatiana Miranda; Trevisani J\u00fanior, Antonio Luiz; Grein, Ricardo Luiz. Restaura\u00e7\u00e3o subgengival e cirurgia pl\u00e1stica periodontal no tratamento de recess\u00e3o gengival associada \u00e0 les\u00e3o cervical n\u00e3o cariosa. PerioNews 2011;5(1):59-62. [ISSN 1981-2922]<\/p>\n<p><!-- \/wp:heading --><\/p>\n<p><!-- wp:heading {\"level\":3} --><\/p>\n<p>6.\u00a0\u00a0\u00a0 Guignome, Camila Coser; Pazolini, Pollyanna; Rosetti, Elizabeth Pimentel. Estudo cl\u00ednico da associa\u00e7\u00e3o de recess\u00f5es gengivais unilaterais \u00e0 escova\u00e7\u00e3o dent\u00e1ria. PerioNews 2011;5(5):493-498. [ISSN 1981-2922]<\/p>\n<p><!-- \/wp:heading --><\/p>\n<p><!-- wp:heading {\"level\":3} --><\/p>\n<p>7.\u00a0\u00a0\u00a0 Frizzera, Fausto; Molon, Rafael S; Kabach, William; Verzola, Mario H A; Orrico, Silvana R P; Sampaio, Jose Eduardo C. Tratamento de recess\u00f5es gengivais m\u00faltiplas: uma abordagem cir\u00fargica mais conservadora. PerioNews 2012;6(1):18-28. [ISSN 1981-2922]<\/p>\n<p><!-- \/wp:heading --><\/p>\n<p><!-- wp:heading {\"level\":3} --><\/p>\n<p>8.\u00a0\u00a0\u00a0 Junges, Roger; Moraes, Vivian Bartzen; R\u00f5sing, Cassiano Kuchenbecker. Associa\u00e7\u00e3o entre recess\u00e3o gengival e hipersensibilidade dentin\u00e1ria. PerioNews 2012;6(3):243-246. [ISSN 1981-2922]<\/p>\n<p><!-- \/wp:heading --><\/p>\n<p><!-- wp:heading {\"level\":3} --><\/p>\n<p>9.\u00a0\u00a0\u00a0 Magalh\u00e3es, D\u00e9bora Emrich; Zen\u00f3bio, Elton Gon\u00e7alves; Martins, Mara Rodrigues; Oliveira, Fernanda Piana Santos Lima de; Bustamente, Roberta Paula Colen; Soares, Rodrigo Villamarim. Impacto da regenera\u00e7\u00e3o por biomateriais no tratamento de recess\u00f5es periodontais. PerioNews 2012;6(4):366-371. [ISSN 1981-2922]<\/p>\n<p><!-- \/wp:heading --><\/p>\n<p><!-- wp:heading {\"level\":3} --><\/p>\n<p>10. Elerati, Euro Luiz; Assis, Mauric\u00e9a de Paula; Costa, S\u00e9rgio Carvalho Costa. Enxerto de tecido conjuntivo em recess\u00e3o Classe I de Miller: cinco anos de controle cl\u00ednico. PerioNews 2012;6(4):373-379. [ISSN 1981-2922]<\/p>\n<p><!-- \/wp:heading --><\/p>\n<p><!-- wp:heading {\"level\":3} --><\/p>\n<p>11. Moreira, Ana Regina Oliveira; Santamaria, Mauro Pedrine; Casati, Marcio Zaffalon; Sallum, Enilson Antonio. Retalho posicionado coronariamente associado a matriz de col\u00e1geno no tratamento de recess\u00e3o gengival. Perionews 2013;7(1):31-35. [ISSN 1981-2922]<\/p>\n<p><!-- \/wp:heading --><\/p>\n<p><!-- wp:heading {\"level\":3} --><\/p>\n<p>12. Cunha, Fabiano Ara\u00fajo; Costa, Fernando de Oliveira; Cruz, Bernardo Carlos Vieira. Uso da matriz d\u00e9rmica acelular no tratamento de recess\u00f5es periodontais. Perionews 2013;7(1):37-41. [ISSN 1981-2922]<\/p>\n<p><!-- \/wp:heading --><\/p>\n<p><!-- wp:heading {\"level\":3} --><\/p>\n<p>13. Silva, Izabele Carvalho da; Rios, Marcelo de Azevedo; Motta, Carmen de Andrade Vilas Boas; Pires, Cl\u00e1udio Sampaio; Silva, Emerson Luiz Costa da; Lacerda, Paulo Ney Brand\u00e3o. Tratamento de recess\u00f5es gengivais m\u00faltiplas atrav\u00e9s de enxerto de tecido conjuntivo subepitelial com a t\u00e9cnica de t\u00fanel. Perionews 2013;7(1):59-64. [ISSN 1981-2922]<\/p>\n<p><!-- \/wp:heading --><\/p>\n<p><!-- wp:heading {\"level\":3} --><\/p>\n<p>14. Fontanari, Lucas Amaral; Oliveira, Guilherme Jos\u00e9 Pimentel Lopes de; Souza, Jo\u00e3o Ant\u00f4nio Chaves de; Borges Filho, Fausto Frizzera; Tonetto, Mateus Rodrigues; Spin Neto, Rubens; Sampaio, Jos\u00e9 Eduardo Cezar. Aplica\u00e7\u00e3o do enxerto conjuntivo subepitelial para recobrimento de recess\u00f5es em dentes inferiores. Perionews 2013;7(2):162-168. [ISSN 1981-2922]<\/p>\n<p><!-- \/wp:heading --><\/p>\n<p><!-- wp:heading {\"level\":3} --><\/p>\n<p>15. Frantz, Amanda Ariani; Castro, Gabriel Dias. Compara\u00e7\u00e3o de duas t\u00e9cnicas de enxerto para recobrimento radicular em recess\u00f5es classe II de Miller. Perionews 2013;7(5):445-452. [ISSN 1981-2922]<\/p>\n<p><!-- \/wp:heading --><\/p>\n<p><!-- wp:heading {\"level\":3} --><\/p>\n<p>16. Jo\u00e3o Paulo Corr\u00eaa Barros, Larissa Pessoa, Paula Stephania Brand\u00e3o Hage Karam, Fab\u00edola Pontes Azevedo, Maria Lucia Rubo de Rezende, Sebasti\u00e3o Luiz Aguiar Greghi, Adriana Campos Passanezi \u00a0Sant\u2019Ana, Carla Andreotti Damante. A import\u00e2ncia da Periodontia para pacientes com hipersensibilidade dentin\u00e1ria radicular por recess\u00e3o gengival. Perionews 2013;7(6):560-564. [ISSN 1981-2922]<\/p>\n<p><!-- \/wp:heading --><\/p>\n<p><!-- wp:heading {\"level\":3} --><\/p>\n<p>17. Sampaio, Luiz Macellaro; Terenzi, Mayara; Chaves, Tha\u00eds Batista. Enxerto gengival livre epitelizado no tratamento de m\u00faltiplas recess\u00f5es causadas por movimenta\u00e7\u00e3o ortod\u00f4ntica. PerioNews 2014;8(1):50-56. [ISSN 1981-2922]<\/p>\n<p><!-- \/wp:heading --><\/p>\n<p><!-- wp:heading {\"level\":3} --><\/p>\n<p>18. Vieira, Tha\u00eds Ribeira; Zen\u00e1bio, Elton Gon\u00e7alves; Soares, Rodrigo Villamarim. Par\u00e2metros cl\u00ednicos no tratamento de recess\u00f5es periodontais. PerioNews 2014;8(1):67-72. [ISSN 1981-2922]<\/p>\n<p><!-- \/wp:heading --><\/p>\n<p><!-- wp:heading {\"level\":3} --><\/p>\n<p>19. Fiamengui Filho, Jorge Francisco; Azevedo, Fab\u00edola Pontes; Ribeiro, M\u00f4nica Garcia; Fiamengui, L\u00edvia Maria Sales Pinto; Greghi, Sebasti\u00e3o Luiz Aguiar. Tratamento de recess\u00f5es gengivais utilizando enxerto de tecido conjuntivo atrav\u00e9s da t\u00e9cnica do t\u00fanel. PerioNews 2014;8(3):222-227. [ISSN 1981-2922]<\/p>\n<p><!-- \/wp:heading --><\/p>\n<p><!-- wp:heading {\"level\":3} --><\/p>\n<p>20. Fran\u00e7a, Isabela Lima; Moreira, Ana Regina Oliveira; Ruiz, Karina Gonzales Silv\u00e9rio; Sallum, Enilson Antonio. Retalho semilunar e prote\u00edna derivada da matriz do esmalte em recess\u00e3o gengival. PerioNews 2014;8(3):229-234. [ISSN 1981-2922]<\/p>\n<p><!-- \/wp:heading --><\/p>\n<p><!-- wp:heading {\"level\":3} --><\/p>\n<p>21. Mathias, Ingrid Fernandes; Silveira, Camila Augusto; Bresciani, Eduardo; Santamaria, Mauro Pedrine. Tratamento cir\u00fargico restaurador de recess\u00e3o gengival associada \u00e0 les\u00e3o cervical n\u00e3o cariosa. PerioNews 2014;8(3):237-241. [ISSN 1981-2922]<\/p>\n<p><!-- \/wp:heading --><\/p>\n<p><!-- wp:heading {\"level\":3} --><\/p>\n<p>22. Nascimento, Laura Alves machado; Horiuchi, N\u00e1dia Cristina Fecchio Nasser; Ribeiro, Fernando Salimon; Pires, Juliana Rico; Pontes, Ana Em\u00edlia Farias; Zuza, Elizangela Partata. Raspagem radicular cir\u00fargica associada a enxerto conjuntivo para preven\u00e7\u00e3o de recess\u00e3o p\u00f3s-operat\u00f3ria. PerioNews 2014;8(4):329-334. [ISSN 1981-2922]<\/p>\n<p><!-- \/wp:heading --><\/p>\n<p><!-- wp:heading {\"level\":3} --><\/p>\n<p>23. Neves, Felipe Lucas da Silva; Fonseca, Marcus Vin\u00edcius Alves; Jardini, Maria Aparecida Neve; Santamaria, Mauro Pedrine. Tratamento cir\u00fargico de recess\u00f5es gengivais por meio do retalho em t\u00fanel e enxerto conjuntivo. PerioNews 2014;8(5):459-462. [ISSN 1981-2922]<\/p>\n<p><!-- \/wp:heading --><\/p>\n<p><!-- wp:heading {\"level\":3} --><\/p>\n<p>24. Nogueira Filho, Miguel Ribeiro; Andrade, Lyla Prates; Barbosa, L\u00edgia Araujo. Tratamento de recess\u00e3o gengival com enxerto de tecido conjuntivo subepitelial. PerioNews 2014;8(6):543-549. [ISSN 1981-2922]<\/p>\n<p><!-- \/wp:heading --><\/p>\n<p><!-- wp:heading {\"level\":3} --><\/p>\n<p>25. Casusa, Alysson Antonio Leite; Silva, Elizabeth Louisy Marques Soares da; Pinheiro, Rachel Christina Queiroz; Ribeiro, Isabella Lima Arrais; Lucena, Keila Cristina Raposo. Percep\u00e7\u00e3o dos acad\u00eamicos de odontologia quanto \u00e0 conduta cl\u00ednica frente \u00e0s recess\u00f5es gengivais. PerioNews 2015;9(4):335-340. [ISSN 1981-2922]<\/p>\n<p><!-- \/wp:heading --><\/p>\n<p><!-- wp:heading {\"level\":3} --><\/p>\n<p>26. Shiota, Roberto; Marques, Celso; Ribeiro, Fernanda Vieira; Cirano, Fabiano Ribeiro; Casati, Marcio Zaffalon; Casarin, Renato Correa Viana; Pimentel, Suzana Peres. Explanta\u00e7\u00e3o de implante e regenera\u00e7\u00e3o tecidual guiada em recess\u00e3o peri-implantar seguindo os conceitos est\u00e9ticos atuais. PerioNews 2015;9(6):534-542. [ISSN 1981-2922]<\/p>\n<p><!-- \/wp:heading --><\/p>\n<p><!-- wp:heading {\"level\":3} --><\/p>\n<p>27. Bastos Netto, Manuela Cunha; Machado, Renata Castanheira; Kahn, S\u00e9rgio. Fibrina rica em plaquetas para recobrimento radicular no tratamento de recess\u00f5es gengivais. PerioNews 2015;9(6):555-561. [ISSN 1981-2922]<\/p>\n<p><!-- \/wp:heading --><\/p>\n<p><!-- wp:heading {\"level\":3} --><\/p>\n<p>28. Nagasawa, Magda Aline; Chambrone, Leandro; Shibli, Jamil Awad. Avalia\u00e7\u00e3o compreensiva da efetividade da prote\u00edna da matriz do esmalte no tratamento de recess\u00f5es gengivais atrav\u00e9s da revis\u00e3o sistem\u00e1tica de ensaios pr\u00e9-cl\u00ednicos e cl\u00ednicos. PerioNews 2015;9(6):562-568. [ISSN 1981-2922]<\/p>\n<p><!-- \/wp:heading --><\/p>\n<p><!-- wp:heading {\"level\":3} --><\/p>\n<p>29. Thiesen, Kevelin Poliana; Bednaski, Franciela; Rigo, Romeo Carlos. Associa\u00e7\u00e3o da cirurgia pl\u00e1stica periodontal, L-PRF e ozonioterapia no tratamento da recess\u00e3o gengival. ImplantNewsPerio 2016;1(1):149-155. [ISSN 2447-7567]<\/p>\n<p><!-- \/wp:heading --><\/p>\n<p><!-- wp:heading {\"level\":3} --><\/p>\n<p>30. Fugita, M\u00e1rcia Mariko Kuninari; Varotto, Bruna Luiza Roim; Soares, Renan Dalla. Uso das t\u00e9cnicas ETCS e VISTA no tratamento da recess\u00e3o da mucosa peri-implantar. ImplantNewsPerio 2016;1(2):299-304. [ISSN 2447-7567]<\/p>\n<p><!-- \/wp:heading --><\/p>\n<p><!-- wp:heading {\"level\":3} --><\/p>\n<p>31. Anjos, Daniela Maria Ferreira Frasson dos; Sperandio, Anjos, Daniela Maria Ferreira Frasson dos; Sperandio, Mabryna Sesana; Paula, Luiz Guilherme Freitas de; Oliveira, Rafael Nepomuceno; Gabler, Ilanna Guimar\u00e3es; Frizzera, Fausto.\u00a0<a href=\"http:\/\/www.inpn.com.br\/InPerio\/Artigo\/Index\/22083\">Etiologia e tratamento cir\u00fargico das recess\u00f5es gengivais<\/a>. ImplantNewsPerio 2016;1(3):547-555. [ISSN 2447-7567] \u00a0<\/p>\n<p><!-- \/wp:heading --><\/p>\n<p><!-- wp:heading {\"level\":3} --><\/p>\n<p>32. Gomes, Thiago Siqueira Dod\u00f4 Ferrais; Moraes, Julius Cezar Coelho; Paz, Jussania Fonseca da; Steinhauser, Henrique Caballero. Recess\u00f5es gengivais m\u00faltiplas na zona est\u00e9tica \u2013 relato de caso com a t\u00e9cnica Vista. ImplantNewsPerio 2016;1(5):911-916. [ISSN 2447-7567] \u00a0<\/p>\n<p><!-- \/wp:heading --><\/p>\n<p><!-- wp:heading {\"level\":3} --><\/p>\n<p>33. Fernandes, Micaelle; Mendon\u00e7a, Robson Gon\u00e7alves de; Goes, Clariana. Checklist dos poss\u00edveis fatores que afetam a recess\u00e3o gengival vestibular em implantes imediatos. ImplantNewsPerio 2016;1(6):1124-1133. [ISSN 2447-7567] \u00a0\u00a0<\/p>\n<p><!-- \/wp:heading --><\/p>\n<p><!-- wp:heading {\"level\":3} --><\/p>\n<p>34. Silva, Caroline Fernandes e; Martins, Thiago Marchi; Cruz, Luis Eduardo Rilling da Nova; Martos, Josu\u00e9. Enxerto gengival livre para aumento da faixa de gengiva queratinizada em regi\u00e3o com recess\u00f5es m\u00faltiplas. ImplantNewsPerio 2016;1(7):1386-1393. [ISSN 2447-7567]\u00a0<\/p>\n<p><!-- \/wp:heading --><\/p>\n<p><!-- wp:heading {\"level\":3} --><\/p>\n<p>35. Luchesi, Vanessa Haguihara; Villalpando, Karina Teixeira; Casarin, Renato Corr\u00eaa Viana; Casati, Marcio Zaffalon; Cirano, Fabiano Ribeiro; Ribeiro, Fernanda Vieira. T\u00e9cnica de enxerto gengival livre para aumento de tecido queratinizado em recess\u00e3o gengival classe III de Miller. ImplantNewsPerio 2016;1(8):1572-1578. [ISSN 2447-7567] \u00a0<\/p>\n<p><!-- \/wp:heading --><\/p>\n<p><!-- wp:heading {\"level\":3} --><\/p>\n<p>36. Villafuerte, Kelly Rocio Vargas; Martinez, Cristhian Hernandez; Felix, Pedro Henrique; Grisi, Marcio Fernando de Moraes. Tratamento de recess\u00e3o gengival com utiliza\u00e7\u00e3o da t\u00e9cnica de tuneliza\u00e7\u00e3o associada ao enxerto conjuntivo subepitelial \u2013 controle cl\u00ednico de seis anos. ImplantNewsPerio 2016;1(8):1597-1605. [ISSN 2447-7567] \u00a0\u00a0<\/p>\n<p><!-- \/wp:heading --><\/p>\n<p><!-- wp:heading {\"level\":3} --><\/p>\n<p>37. Tinajeiro, Maur\u00edcio; Pigossi, Suzane Cristina; Lorenzetti, Camila; Marcantonio, Rosemary Adriana Chierici. Tratamento de recess\u00f5es m\u00faltiplas bilaterais com matriz col\u00e1gena (Mucograft) e enxerto de conjuntivo. ImplantNewsPerio 2017;2(3):506-514. [ISSN 2447-7567]<\/p>\n<p><!-- \/wp:heading --><\/p>\n<p><!-- wp:heading {\"level\":3} --><\/p>\n<p>38. Salmeron, Samira; Manfredi, Gustavo Gon\u00e7alves do Prado; Zangrando, Mariana Schutzer Raggiantti; Greghi, Sebasti\u00e3o Luiz Aguiar; Damante, Carla Andreotti; Sant\u2019Ana, Adriana Campos Passanezi; Rezende, Maria L\u00facia Rubo de. Recobrimento radicular empregando ativa\u00e7\u00e3o do peri\u00f3steo em recess\u00e3o gengival ampla. ImplantNewsPerio 2017;2(3):527-536. [ISSN 2447-7567]<\/p>\n<p><!-- \/wp:heading --><\/p>\n<p><!-- wp:heading {\"level\":3} --><\/p>\n<p>39. Silveira, Camila Augusto; Neves, Felipe Lucas da Silva; Mathias, Ingrid Fernandes; Melo Filho, Antonio Braulino de; Bresciani, Eduardo; Jardini, Maria Aparecida Neves; Santamaria, Mauro Pedrine; Sallum, Enilson Ant\u00f4nio. Nova abordagem no tratamento de recess\u00f5es gengivais associadas \u00e0 les\u00e3o cervical n\u00e3o cariosa. ImplantNewsPerio 2017;2(4):725-730. [ISSN 2447-7567]<\/p>\n<p><!-- \/wp:heading --><\/p>\n<p><!-- wp:heading {\"level\":3} --><\/p>\n<p>40. Santos, Manuela Rocha dos; Grohman, Isabela Lima Fran\u00e7a; Sangiorgio, Jo\u00e3o Paulo Menck; Santamaria, Mauro Pedrine; Sallum, Enilson Antonio. Recess\u00f5es gengivais associadas a les\u00f5es cervicais n\u00e3o cariosas: uma revis\u00e3o sobre o tratamento multidisciplinar. ImplantNewsPerio 2017;2(6):1092-1099. [ISSN 2447-7567]<\/p>\n<p><!-- \/wp:heading --><\/p>\n<p><!-- wp:heading {\"level\":3} --><\/p>\n<p>41. Silva, Caroline Fernandes e; Martins, Thiago Marchi; Cruz, Luis Eduardo Rilling da Nova; Martos, Josu\u00e9; Pola, Nat\u00e1lia Marcumini. Enxerto de tecido conjuntivo subepitelial e retalho coronal em recess\u00f5es gengivais m\u00faltiplas. ImplantNewsPerio 2017;2(6):1117-1126. [ISSN 2447-7567]<\/p>\n<p><!-- \/wp:heading --><\/p>\n<p><!-- wp:heading {\"level\":3} --><\/p>\n<p>42. Soares, Susana; Rios, Teoane Vilas Boas; Balinha, Izadora Eloy; Pinto Filho, Jorge Moreira. Tratamento de recess\u00f5es gengivais m\u00faltiplas pela t\u00e9cnica de bruno modificada.\u00a0 ImplantNewsPerio 2017;2(6):1128-1134. [ISSN 2447-7567]<\/p>\n<p><!-- \/wp:heading --><\/p>\n<p><!-- wp:heading {\"level\":3} --><\/p>\n<p>43. Santos, Isabella Nunes Kelly dos; Santos, Renata Magalh\u00e3es Vilella dos; Matuda, Amanda Guedes Nogueira; Nicolau, Renata Amadei; Matuda, F\u00e1bio da Silva. Previsibilidade em resolu\u00e7\u00e3o est\u00e9tica para recess\u00f5es gengivais. ImplantNewsPerio 2018;3(1):148-157. [ISSN 2447-7567]<\/p>\n<p><!-- \/wp:heading --><\/p>\n<p><!-- wp:heading {\"level\":3} --><\/p>\n<p>44. Leonardo Luiz Moreira Guimar\u00e3es, Elizabeth Pimentel Rosetti, Rosana de Souza Pereira. Associa\u00e7\u00e3o da recess\u00e3o gengival com hipersensibilidade dentin\u00e1ria cervical. ImplantNewsPerio 2018;3(4):723-730.\u00a0\u00a0[ISSN 2447-7567]<\/p>\n<p><!-- \/wp:heading --><\/p>\n<p><!-- wp:heading {\"level\":3} --><\/p>\n<p>45. Guilherme Dossin Damin, Giliano Nicolini Verzeletti. Percep\u00e7\u00e3o est\u00e9tica de pacientes e alunos de odontologia em rela\u00e7\u00e3o \u00e0s recess\u00f5es gengivais. ImplantNewsPerio 2018;3(4):731-739.\u00a0\u00a0[ISSN 2447-7567]<\/p>\n<p><!-- \/wp:heading --><\/p>\n<p><!-- wp:heading {\"level\":4} --><\/p>\n<p>46. Alberto Niehues, Tatiana M. Deliberador, Karima Y. Jaber, Lauren C. Gursky. Uso da membrana de fibrina rica em plaquetas e leuc\u00f3citos L-PRF para tratamento de recess\u00f5es gengivais. ImplantNewsPerio 2019;4(1):140-146. [ISSN 2447-7567]<\/p>\n<p><!-- \/wp:heading --><\/p>\n<p><!-- wp:heading {\"level\":4} --><\/p>\n<p>47. Lorena Carvalho Lugli, Lilian Xavier Atan\u00e1zio, Gustavo Henrique Franciscato Garcia, Gisselly Maria Campos da Silva, L\u00edvia de Souza Tolentino. Relato de um caso de recess\u00f5es gengivais associadas a diferentes h\u00e1bitos comportamentais. diagn\u00f3stico e tratamento. ImplantNewsPerio 2019;4(4):720-\u00a0 . [ISSN 2447-7567]<\/p>\n<p><!-- \/wp:heading --><\/p>\n<p><!-- wp:heading {\"level\":4} --><\/p>\n<p>48. J\u00e9ssica Sander Dubaj, Thiago Marchi Martins. Cirurgia pl\u00e1stica periodontal para tratamento de recess\u00e3o gengival: acompanhamento ap\u00f3s um ano. ImplantNewsPerio 2019;4(4):768-\u00a0 . [ISSN 2447-7567]<\/p>\n<p><!-- \/wp:heading --><\/p>\n<p><!-- wp:heading {\"level\":4} --><\/p>\n<p>49. J\u00e9ssika Leandra Assun\u00e7\u00e3o Lopes Gruendemann, Amanda dos Santos Maciel, Josu\u00e9 Martos, Giovane Hisse Gomes. Matriz de col\u00e1geno xen\u00f3gena no tratamento de recess\u00f5es gengivais classe I de Miller. ImplantNewsPerio 2019;4(5):967- . [ISSN 2447-7567]<\/p>\n<p><!-- \/wp:heading --><\/p>\n<p><!-- wp:heading {\"level\":4} --><\/p>\n<p>50. Tha\u00eds Luise Viana Lopes, Ma\u00edsa Casarin, Nat\u00e1lia Marcumini Pola, Leonardo Blank Weymar, Thiago Marchi Martins. Cirurgia pl\u00e1stica periodontal para tratamento de recess\u00e3o gengival isolada tipo II. ImplantNewsPerio 2019;4(6):1170- . [ISSN 2447-7567]<\/p>\n<p><!-- \/wp:heading --><\/p>\n<p><!-- wp:heading {\"level\":4} --><\/p>\n<p>51. Rodrigo Brandalise, Alice Rossetto Fonseca, Keith Jimmy Gon\u00e7alves. Recobrimento de recess\u00e3o gengival com uso de enxerto de tecido conjuntivo subepitelial. ImplantNewsPerio 2019;4(6):1186- . [ISSN 2447-7567]<\/p>\n<p><!-- \/wp:heading --><\/p>\n<p><!-- wp:heading {\"level\":3} --><\/p>\n<p>52. <a href=\"https:\/\/implantnewsperio.com.br\/enxerto-gengival-livre-em-area-de-recessao-gengival-classe-ii-de-miller\/\">Camila Sampaio Barbosa, Francimar Lobo de Matos, Tha\u00eds Moreira Silva. Enxerto gengival livre em \u00e1rea de recess\u00e3o gengival Classe II Miller. ImplantNewsPerio 2020;5(1):126-133. [ISSN 2447-7567]<\/a><\/p>\n<p><!-- \/wp:heading --><\/p>\n<p><!-- wp:heading {\"level\":3} --><\/p>\n<p>53. <a href=\"https:\/\/implantnewsperio.com.br\/duplo-retalho-posicionado-lateralmente-associado-ao-enxerto-de-tecido-conjuntivo-subepitelial-para-tratamento-de-recessoes-gengivais-adjacentes\/\">Gustavo Henrique Biesek, Mateus Roloff Ramm, Thiago Azario de Holanda, Thiago Marchi Martins. Duplo retalho posicionado lateralmente associado ao enxerto de tecido conjuntivo subepitelial para tratamento de recess\u00f5es gengivais adjacentes. ImplantNewsPerio 2020;5(1):135-142. [ISSN 2447-7567]<\/a><\/p>\n<p><!-- \/wp:heading --><\/p>\n<p><!-- wp:heading {\"level\":3} --><\/p>\n<p>54. <a href=\"https:\/\/revistaimplantnews.com.br\/tratamento-de-recessoes-gengivais-associadas-as-lesoes-cervicais-nao-cariosas-relato-de-caso-com-dois-anos-de-acompanhamento\/\">Camila Mitie Carrasco Nakagawa, Aline Campos Zeffa, Daiane Cristina Mendon\u00e7a Santos Silva, Nathalia Yumi Carrasco Nakagawa, Maria Beatriz Bergonse Pereira Pedriali, Priscila Paganini Costa. Tratamento de recess\u00f5es gengivais associadas \u00e0s les\u00f5es cervicais n\u00e3o cariosas: relato de caso com dois anos de acompanhamento. ImplantNews 2020;5(6):998-1005.\u00a0[ISSN 2675-5610]<\/a><\/p>\n<p><!-- \/wp:heading --><\/p>\n<p><!-- wp:heading {\"level\":3} --><\/p>\n<p>55. Vitor Artur Miyahara Kondo, Raphaella Coelho Michel, \u00c9rika Beatriz Spada de Carvalho, Carla Andreotti Damante, Adriana Campos Passanezi Sant\u2019Ana, Mariana Schutzer Ragghianti Zangrando. O uso da matriz xen\u00f3gena na mudan\u00e7a do fen\u00f3tipo gengival de pacientes com recess\u00f5es gengivais m\u00faltiplas em \u00e1reas est\u00e9ticas. ImplantNews Reab Oral 2021;6(2):248-252. (ISSN 2675-5610)<\/p>\n<p><!-- \/wp:heading --><\/p>\n<p><!-- wp:heading {\"level\":3} --><\/p>\n<p>56. Recobrimento radicular em \u00e1rea est\u00e9tica em recess\u00f5es Classe II amplas. ImplantNews Reab Oral 2021;6(3):\u00a0(ISSN 2675-5610)<\/p>\n<p><!-- \/wp:heading --><\/p>\n<p><!-- wp:heading {\"level\":3} --><\/p>\n<p>57. <a href=\"https:\/\/revistaimplantnews.com.br\/uso-de-matriz-dermica-acelular-xenogena-em-recessao-gengival-unitaria-relato-de-caso-com-um-ano-de-acompanhamento\/\">Uso de matriz d\u00e9rmica acelular xen\u00f3gena em recess\u00e3o gengival unit\u00e1ria: relato de caso com um ano de acompanhamento<\/a>.\u00a0\u00a0ImplantNews Reab Oral 2021;6(5):ISSN (2675-5610)<\/p>\n<p><!-- \/wp:heading --><\/p>\n<p><!-- wp:heading {\"level\":3} --><\/p>\n<p>58. Avalia\u00e7\u00e3o de fatores associados \u00e0s recess\u00f5es gengivais em estudantes de Odontologia: um estudo-piloto. ImplantNews Reab Oral 2021;6(6):ISSN (2675-5610)<\/p>\n<p><!-- \/wp:heading --><\/p>\n<p><!-- wp:heading {\"level\":3} --><\/p>\n<p>59. <a href=\"https:\/\/revistaimplantnews.com.br\/tratamento-de-recessao-gengival-profunda-classe-iii-de-miller-em-canino-inferior-vestibularizado\/\">Tratamento de recess\u00e3o gengival profunda Classe III de Miller em canino inferior vestibularizado<\/a>.\u00a0ImplantNews Reab Oral 2022;7(1):74-81. (ISSN 2675-5610)<\/p>\n<p><!-- \/wp:heading --><\/p>\n<p><!-- wp:heading {\"level\":3} --><\/p>\n<p>60. <a href=\"https:\/\/revistaimplantnews.com.br\/recobrimento-radicular-de-multiplas-areas-de-recessao-com-membrana-sintetica\/\">Recobrimento radicular de m\u00faltiplas \u00e1reas de recess\u00e3o com membrana sint\u00e9tica<\/a>.\u00a0ImplantNews Reab Oral 2022;7(1):84-90. (ISSN 2675-5610)<\/p>\n<p><!-- \/wp:heading --><\/p>\n<p><!-- wp:paragraph --><\/p>\n<p>61. Uso de matriz de col\u00e1geno su\u00edna para recobrimento radicular \u2013 relato de caso. ImplantNews Reab Oral 2022;7(5): (ISSN 2675-5610)<\/p>\n<p>62.\u00a0<span style=\"color: black; font-family: Arial, sans-serif; font-size: 12pt; text-align: justify;\">Santamaria MP, Miguel MMV, Kahn S, Mathias-Santamaria IF, Nunes MP. Matriz de col\u00e1geno est\u00e1vel em volume para o tratamento de recess\u00f5es gengivais m\u00faltiplas. ImplantNews Reab Oral 2022;7(6): (ISSN 2675-5610)<\/span><\/p>\n<p><span style=\"color: black; font-family: Arial, sans-serif; font-size: 12pt; text-align: justify;\">63.\u00a0<\/span><span style=\"color: #000000; font-family: Roboto, sans-serif; font-size: 18px; font-style: normal; font-variant-ligatures: normal; font-variant-caps: normal;\">Aumento de coroa est\u00e9tico em caso de erup\u00e7\u00e3o passiva com uso de oxigenoterapia p\u00f3s-operat\u00f3ria. ImplantNews Reab Oral 2023;8(1): (ISSN 2675-5610).<\/span><\/p>\n<p><span style=\"color: #000000; font-family: Roboto, sans-serif; font-size: 18px; font-style: normal; font-variant-ligatures: normal; font-variant-caps: normal;\">64.\u00a0\u00a0<\/span><span style=\"font-size: 18px; color: #000000;\">Aumento de coroa cl\u00ednico est\u00e9tico associado ao uso de guia cir\u00fargico.\u00a0<\/span><span style=\"color: #000000; font-family: Roboto, sans-serif; font-size: 18px; font-style: normal; font-variant-ligatures: normal; font-variant-caps: normal;\">ImplantNews Reab Oral 2023;8(1): (ISSN 2675-5610).<\/span><\/p>\n<p><span style=\"color: #000000; font-family: Roboto, sans-serif; font-size: 18px; font-style: normal; font-variant-ligatures: normal; font-variant-caps: normal;\">65.\u00a0<\/span><span style=\"font-size: 18px;\">Renato Maluta, Mabelle Freitas Monteiro, Daiane Cristina Peruzzo, Rafaela Videira Clima da Silva, Julio Cesar Joly. Tratamento de recess\u00f5es gengivais m\u00faltiplas tratadas com retalho avan\u00e7ado coronalmente associado \u00e0 matriz d\u00e9rmica acelular xen\u00f3gena ou enxerto de tecido conjuntivo. ImplantNews Reab Oral 2023;8(3):368-373. (ISSN 2675-5610).<\/span><\/p>\n<p><span style=\"font-size: 18px;\">66.\u00a0<\/span><span style=\"font-size: 18px;\">Laura Guimar\u00e3es Batistela, Amanda de Oliveira Macedo, Adriana Campos Passanezi Sant\u2019Ana, Mariana Schutzer Ragghianti Zangrando, Carla Andreotti Damante. Influ\u00eancia da fotobiomodula\u00e7\u00e3o na cicatriza\u00e7\u00e3o ap\u00f3s recobrimento radicular. ImplantNews Reab Oral 2023;8(2):204-211. (ISSN 2675-5610).<\/span><\/p>\n<p><span style=\"font-size: 18px;\">67.\u00a0<\/span><span style=\"font-size: 18px;\">Bruno Frenhan Alves, Antonio Carlos Aloise, Bruno de Macedo Almeida, Isabela Amanda de Abreu Ara\u00fajo Porcaro Filgueiras, Leonardo Fernandes Buss, Jos\u00e9 Luiz Magnabosco, Tatiana Kotaka, Marcelo Rodrigues da Cunha, Marcelo Lucchesi Teixeira, Andr\u00e9 Antonio Pelegrine. Cirurgia de reposicionamento labial para a corre\u00e7\u00e3o do sorriso gengival por meio da \u201cmuscle detachment technique\u201d: uma nova abordagem cir\u00fargica. ImplantNews Reab Oral 2023;8(2):220-228. (ISSN 2675-5610).<\/span><\/p>\n<p><span style=\"font-size: 18px;\">68.\u00a0<\/span><span style=\"font-family: Roboto, sans-serif; font-size: 18px; font-style: normal; font-variant-ligatures: normal; font-variant-caps: normal; font-weight: 600;\">Karinne Bueno Antunes, Thayn\u00e1 Sampaio Mendes da Silva, Larissa Maria Cavalcante.\u00a0<\/span><span style=\"font-family: Roboto, sans-serif; font-size: 18px; font-style: normal; font-variant-ligatures: normal; font-variant-caps: normal; font-weight: 600;\">O uso da toxina botul\u00ednica para corre\u00e7\u00e3o do sorriso gengival\u00a0<\/span><span style=\"font-family: Roboto, sans-serif; font-size: 18px; font-style: normal; font-variant-ligatures: normal; font-variant-caps: normal; font-weight: 600;\">de paciente com hiperatividade de l\u00e1bio.<\/span><span style=\"font-family: Roboto, sans-serif; font-size: 18px; font-style: normal; font-variant-ligatures: normal; font-variant-caps: normal; font-weight: 600;\">\u00a0ImplantNews Reab Oral 2023;8(5):774-8. (ISSN 2675-5610).<\/span><\/p>\n<p><span style=\"font-family: Roboto, sans-serif; font-size: 18px; font-style: normal; font-variant-ligatures: normal; font-variant-caps: normal; font-weight: 600;\">69.\u00a0<\/span><span style=\"font-size: 18px;\">Evelyn Maiara de Oliveira Am\u00e9rico, Patr\u00edcia Maria Wiziack Zago, Valdineia Maria Tognetti, Emanuel Silva Rovai. Reposicionamento labial cir\u00fargico em pacientes com aumento vertical da maxila. ImplantNews Reab Oral 2023;8(2):212-219. (ISSN 2675-5610)<\/span><\/p>\n<p style=\"margin-bottom: 0cm; text-align: justify; line-height: normal; mso-layout-grid-align: none; text-autospace: none;\">\u00a0<\/p>\n<p><!-- \/wp:paragraph --><\/p><\/div>\n\t\t\t\t<\/div>\n\t\t\t\t<\/div>\n\t\t\t\t\t\t<\/div>\n\t\t\t\t\t<\/div>\n\t\t<\/div>\n\t\t\t\t\t\t\t\t<\/div>\n\t\t\t\t\t<\/div>\n\t\t<\/section>\n\t\t\t\t\t\t<\/div>\n\t\t\t\t\t\t<\/div>\n\t\t\t\t\t<\/div>\n\t\t","protected":false},"excerpt":{"rendered":"<p>artigos &#8211; Recess\u00e3o gengival 1.\u00a0\u00a0\u00a0 Damante, Carla A; Taga, M\u00e1rcio Luiz Lima; Sant\u2019Ana, Adriana Campos Passanezi; Greghi, Sebasti\u00e3o Luiz Aguiar; Rezende, Maria L\u00facia Rubo de; Passanezi, Euloir. Uso de piercing na l\u00edngua como fator etiol\u00f3gico incomum de recess\u00f5es gengivais. PerioNews 2007;1(4):325-328. [ISSN 1981-2922] 2.\u00a0\u00a0\u00a0 Barros, Jo\u00e3o Paulo Corr\u00eaa; Pessoa, Larissa; Karam, Paula Stephania Brand\u00e3o Hage; [&hellip;]<\/p>\n","protected":false},"author":16,"featured_media":0,"comment_status":"closed","ping_status":"closed","sticky":false,"template":"","format":"standard","meta":[],"categories":[183],"tags":[],"yoast_head":"<!-- This site is optimized with the Yoast SEO plugin v16.0.2 - https:\/\/yoast.com\/wordpress\/plugins\/seo\/ -->\n<title>Smart list - Recess\u00e3o gengival, recess\u00e3o peri-implantar, recobrimento radicular, matriz d\u00e9rmica - Intranet VMCom<\/title>\n<meta property=\"og:locale\" content=\"pt_BR\" \/>\n<meta property=\"og:type\" content=\"article\" \/>\n<meta property=\"og:title\" content=\"Smart list - Recess\u00e3o gengival, recess\u00e3o peri-implantar, recobrimento radicular, matriz d\u00e9rmica - Intranet VMCom\" \/>\n<meta property=\"og:description\" content=\"artigos &#8211; Recess\u00e3o gengival 1.\u00a0\u00a0\u00a0 Damante, Carla A; Taga, M\u00e1rcio Luiz Lima; Sant\u2019Ana, Adriana Campos Passanezi; Greghi, Sebasti\u00e3o Luiz Aguiar; Rezende, Maria L\u00facia Rubo de; Passanezi, Euloir. Uso de piercing na l\u00edngua como fator etiol\u00f3gico incomum de recess\u00f5es gengivais. PerioNews 2007;1(4):325-328. [ISSN 1981-2922] 2.\u00a0\u00a0\u00a0 Barros, Jo\u00e3o Paulo Corr\u00eaa; Pessoa, Larissa; Karam, Paula Stephania Brand\u00e3o Hage; [&hellip;]\" \/>\n<meta property=\"og:url\" content=\"https:\/\/vmcom-knowledge.com.br\/intranet\/smart-list-recessao-gengival-recessao-peri-implantar-recobrimento-radicular-matriz-dermica\/\" \/>\n<meta property=\"og:site_name\" content=\"Intranet VMCom\" \/>\n<meta property=\"article:published_time\" content=\"2022-05-09T09:25:34+00:00\" \/>\n<meta property=\"article:modified_time\" content=\"2024-01-15T10:20:57+00:00\" \/>\n<meta name=\"twitter:card\" content=\"summary_large_image\" \/>\n<meta name=\"twitter:label1\" content=\"Est. tempo de leitura\">\n\t<meta name=\"twitter:data1\" content=\"9 minutos\">\n<script type=\"application\/ld+json\" class=\"yoast-schema-graph\">{\"@context\":\"https:\/\/schema.org\",\"@graph\":[{\"@type\":\"WebSite\",\"@id\":\"https:\/\/vmcom-knowledge.com.br\/intranet\/#website\",\"url\":\"https:\/\/vmcom-knowledge.com.br\/intranet\/\",\"name\":\"Intranet VMCom\",\"description\":\"O seu canal de conhecimento\",\"potentialAction\":[{\"@type\":\"SearchAction\",\"target\":\"https:\/\/vmcom-knowledge.com.br\/intranet\/?s={search_term_string}\",\"query-input\":\"required name=search_term_string\"}],\"inLanguage\":\"pt-BR\"},{\"@type\":\"WebPage\",\"@id\":\"https:\/\/vmcom-knowledge.com.br\/intranet\/smart-list-recessao-gengival-recessao-peri-implantar-recobrimento-radicular-matriz-dermica\/#webpage\",\"url\":\"https:\/\/vmcom-knowledge.com.br\/intranet\/smart-list-recessao-gengival-recessao-peri-implantar-recobrimento-radicular-matriz-dermica\/\",\"name\":\"Smart list - Recess\\u00e3o gengival, recess\\u00e3o peri-implantar, recobrimento radicular, matriz d\\u00e9rmica - Intranet VMCom\",\"isPartOf\":{\"@id\":\"https:\/\/vmcom-knowledge.com.br\/intranet\/#website\"},\"datePublished\":\"2022-05-09T09:25:34+00:00\",\"dateModified\":\"2024-01-15T10:20:57+00:00\",\"author\":{\"@id\":\"https:\/\/vmcom-knowledge.com.br\/intranet\/#\/schema\/person\/eda222d7491d80ca40a6acb32d4011ba\"},\"breadcrumb\":{\"@id\":\"https:\/\/vmcom-knowledge.com.br\/intranet\/smart-list-recessao-gengival-recessao-peri-implantar-recobrimento-radicular-matriz-dermica\/#breadcrumb\"},\"inLanguage\":\"pt-BR\",\"potentialAction\":[{\"@type\":\"ReadAction\",\"target\":[\"https:\/\/vmcom-knowledge.com.br\/intranet\/smart-list-recessao-gengival-recessao-peri-implantar-recobrimento-radicular-matriz-dermica\/\"]}]},{\"@type\":\"BreadcrumbList\",\"@id\":\"https:\/\/vmcom-knowledge.com.br\/intranet\/smart-list-recessao-gengival-recessao-peri-implantar-recobrimento-radicular-matriz-dermica\/#breadcrumb\",\"itemListElement\":[{\"@type\":\"ListItem\",\"position\":1,\"item\":{\"@type\":\"WebPage\",\"@id\":\"https:\/\/vmcom-knowledge.com.br\/intranet\/\",\"url\":\"https:\/\/vmcom-knowledge.com.br\/intranet\/\",\"name\":\"In\\u00edcio\"}},{\"@type\":\"ListItem\",\"position\":2,\"item\":{\"@type\":\"WebPage\",\"@id\":\"https:\/\/vmcom-knowledge.com.br\/intranet\/smart-list-recessao-gengival-recessao-peri-implantar-recobrimento-radicular-matriz-dermica\/\",\"url\":\"https:\/\/vmcom-knowledge.com.br\/intranet\/smart-list-recessao-gengival-recessao-peri-implantar-recobrimento-radicular-matriz-dermica\/\",\"name\":\"Smart list &#8211; Recess\\u00e3o gengival, recess\\u00e3o peri-implantar, recobrimento radicular, matriz d\\u00e9rmica\"}}]},{\"@type\":\"Person\",\"@id\":\"https:\/\/vmcom-knowledge.com.br\/intranet\/#\/schema\/person\/eda222d7491d80ca40a6acb32d4011ba\",\"name\":\"Paulo\",\"image\":{\"@type\":\"ImageObject\",\"@id\":\"https:\/\/vmcom-knowledge.com.br\/intranet\/#personlogo\",\"inLanguage\":\"pt-BR\",\"url\":\"https:\/\/secure.gravatar.com\/avatar\/90d73d8a10232fe66ac0f6bcb1740c8b?s=96&d=mm&r=g\",\"caption\":\"Paulo\"}}]}<\/script>\n<!-- \/ Yoast SEO plugin. -->","_links":{"self":[{"href":"https:\/\/vmcom-knowledge.com.br\/intranet\/wp-json\/wp\/v2\/posts\/27650"}],"collection":[{"href":"https:\/\/vmcom-knowledge.com.br\/intranet\/wp-json\/wp\/v2\/posts"}],"about":[{"href":"https:\/\/vmcom-knowledge.com.br\/intranet\/wp-json\/wp\/v2\/types\/post"}],"author":[{"embeddable":true,"href":"https:\/\/vmcom-knowledge.com.br\/intranet\/wp-json\/wp\/v2\/users\/16"}],"replies":[{"embeddable":true,"href":"https:\/\/vmcom-knowledge.com.br\/intranet\/wp-json\/wp\/v2\/comments?post=27650"}],"version-history":[{"count":36,"href":"https:\/\/vmcom-knowledge.com.br\/intranet\/wp-json\/wp\/v2\/posts\/27650\/revisions"}],"predecessor-version":[{"id":42160,"href":"https:\/\/vmcom-knowledge.com.br\/intranet\/wp-json\/wp\/v2\/posts\/27650\/revisions\/42160"}],"wp:attachment":[{"href":"https:\/\/vmcom-knowledge.com.br\/intranet\/wp-json\/wp\/v2\/media?parent=27650"}],"wp:term":[{"taxonomy":"category","embeddable":true,"href":"https:\/\/vmcom-knowledge.com.br\/intranet\/wp-json\/wp\/v2\/categories?post=27650"},{"taxonomy":"post_tag","embeddable":true,"href":"https:\/\/vmcom-knowledge.com.br\/intranet\/wp-json\/wp\/v2\/tags?post=27650"}],"curies":[{"name":"wp","href":"https:\/\/api.w.org\/{rel}","templated":true}]}}