{"id":27628,"date":"2022-05-08T19:09:49","date_gmt":"2022-05-08T22:09:49","guid":{"rendered":"https:\/\/vmcom-knowledge.com.br\/intranet\/?p=27628"},"modified":"2024-01-15T10:32:46","modified_gmt":"2024-01-15T13:32:46","slug":"smart-list-laminados-lentes-facetas","status":"publish","type":"post","link":"https:\/\/vmcom-knowledge.com.br\/intranet\/smart-list-laminados-lentes-facetas\/","title":{"rendered":"Smart list &#8211; Laminados, lentes, facetas"},"content":{"rendered":"\t\t<div data-elementor-type=\"wp-post\" data-elementor-id=\"27628\" class=\"elementor elementor-27628\" data-elementor-settings=\"[]\">\n\t\t\t\t\t\t<div class=\"elementor-inner\">\n\t\t\t\t\t\t\t<div class=\"elementor-section-wrap\">\n\t\t\t\t\t\t\t<section class=\"elementor-section elementor-top-section elementor-element elementor-element-3cd545b0 elementor-section-boxed elementor-section-height-default elementor-section-height-default\" data-id=\"3cd545b0\" data-element_type=\"section\">\n\t\t\t\t\t\t<div class=\"elementor-container elementor-column-gap-default\">\n\t\t\t\t\t\t\t<div class=\"elementor-row\">\n\t\t\t\t\t<div class=\"elementor-column elementor-col-100 elementor-top-column elementor-element elementor-element-5d737a3f\" data-id=\"5d737a3f\" data-element_type=\"column\">\n\t\t\t<div class=\"elementor-column-wrap elementor-element-populated\">\n\t\t\t\t\t\t\t<div class=\"elementor-widget-wrap\">\n\t\t\t\t\t\t<div class=\"elementor-element elementor-element-5c16153 elementor-widget elementor-widget-heading\" data-id=\"5c16153\" data-element_type=\"widget\" data-widget_type=\"heading.default\">\n\t\t\t\t<div class=\"elementor-widget-container\">\n\t\t\t<h2 class=\"elementor-heading-title elementor-size-default\">artigos - Laminados, lentes, facetas<\/h2>\t\t<\/div>\n\t\t\t\t<\/div>\n\t\t\t\t<div class=\"elementor-element elementor-element-68a84f0 elementor-widget-divider--view-line elementor-widget elementor-widget-divider\" data-id=\"68a84f0\" data-element_type=\"widget\" data-widget_type=\"divider.default\">\n\t\t\t\t<div class=\"elementor-widget-container\">\n\t\t\t\t\t<div class=\"elementor-divider\">\n\t\t\t<span class=\"elementor-divider-separator\">\n\t\t\t\t\t\t<\/span>\n\t\t<\/div>\n\t\t\t\t<\/div>\n\t\t\t\t<\/div>\n\t\t\t\t<div class=\"elementor-element elementor-element-183b1bf6 elementor-widget elementor-widget-text-editor\" data-id=\"183b1bf6\" data-element_type=\"widget\" data-widget_type=\"text-editor.default\">\n\t\t\t\t<div class=\"elementor-widget-container\">\n\t\t\t\t\t<div class=\"elementor-text-editor elementor-clearfix\"><p><!-- wp:heading {\"level\":4} --><\/p>\n<p>1.\u00a0\u00a0\u00a0 Rodrigo Monsano, William Kabbach. Protocolo para laminados cer\u00e2micos injetados \u2013 quando est\u00e9tica e praticidade caminham juntas. Pr\u00f3teseNews 2014;1(2):156-66.<\/p>\n<p><!-- \/wp:heading --><\/p>\n<p><!-- wp:heading {\"level\":4} --><\/p>\n<p>2.\u00a0\u00a0\u00a0 Leonardo Fernandes da Cunha, El\u00edsio Ribeiro, Fernando Dalitz, Juliana Feltrin de Souza, Gisele Maria Correr. Restabelecimento da domin\u00e2ncia dos incisivos centrais com laminados cer\u00e2micos. Pr\u00f3teseNews 2014;1(3):288-295.<\/p>\n<p><!-- \/wp:heading --><\/p>\n<p><!-- wp:heading {\"level\":4} --><\/p>\n<p>3.\u00a0\u00a0\u00a0 Ana Paula Perroni, Mateus Bertolini Fernandes dos Santos, C\u00e9sar Dalmolin Bergoli, No\u00e9li Boscato. Laminado cer\u00e2mico e coroa de dissilicato de l\u00edtio para restaura\u00e7\u00e3o de incisivos centrais superiores. Pr\u00f3teseNews 2015;2(3):296-304.<\/p>\n<p><!-- \/wp:heading --><\/p>\n<p><!-- wp:heading {\"level\":4} --><\/p>\n<p>4.\u00a0\u00a0\u00a0 Luiz Gustavo Fontes Ferraz Ribeiro, Milton Edson Miranda, Jos\u00e9 Renato Ribeiro Pinto, Karina Andrea Novaes Olivieri, Carlos Alberto Muzilli. An\u00e1lise comparativa entre tipos de preparo para facetas laminadas, em rela\u00e7\u00e3o \u00e0 resist\u00eancia da cer\u00e2mica, em ensaios de impacto. Pr\u00f3teseNews 2015;2(4):452-458.<\/p>\n<p><!-- \/wp:heading --><\/p>\n<p><!-- wp:heading {\"level\":4} --><\/p>\n<p>5.\u00a0\u00a0\u00a0 Guilherme de Siqueira Ferreira Anzaloni Saavedra, Lilian Costa Anami, Carlos Eduardo Francci. Laminados cer\u00e2micos anteriores e posteriores em paciente com desordem funcional estabilizada. Pr\u00f3teseNews 2016;3(2):142-53.<\/p>\n<p><!-- \/wp:heading --><\/p>\n<p><!-- wp:heading {\"level\":4} --><\/p>\n<p>6.\u00a0\u00a0\u00a0 Fab\u00edola Jardim Barbon, Ana Paula Pinto Martins, Mateus Bertolini Fernandes dos Santos, C\u00e9sar Dalmolin Bergoli, Rafael Ratto de Moraes, No\u00e9li Boscato. Restabelecimento funcional e est\u00e9tico com coroas e facetas laminadas. Pr\u00f3teseNews 2016;3(4):408-16.<\/p>\n<p><!-- \/wp:heading --><\/p>\n<p><!-- wp:heading {\"level\":4} --><\/p>\n<p>7.\u00a0\u00a0\u00a0 Alberto Alvarenga de Oliveira, Ana Paula Macarini Ielpo, Augusto C\u00e9sar Vidal, Fernanda de Oliveira Abu-Izze, Fernanda de C\u00e1ssia Papaiz Gon\u00e7alves. Facetas laminadas como \u201clentes de contato\u201d. Pr\u00f3teseNews 2016;3(4):428-434.<\/p>\n<p><!-- \/wp:heading --><\/p>\n<p><!-- wp:heading {\"level\":4} --><\/p>\n<p>8.\u00a0\u00a0\u00a0 Guilherme Cabral, Jean Soares Miranda, Tabata Prado Sato, Marcela Moreira Penteado, Lilian Costa Anami, Renata Marques de Melo, Marco Antonio Bottino, Jose Roberto Moura Jr., Felipe Scucel Prats. Reabilitacao estetico funcional \u2013 conjugacao de restauracoes em resina direta, laminados ultrafinos e\u00a0<em>onlays\u00a0<\/em>cer\u00e2micas. Pr\u00f3teseNews 2017;4(1):64-74.<\/p>\n<p><!-- \/wp:heading --><\/p>\n<p><!-- wp:heading {\"level\":4} --><\/p>\n<p>9.\u00a0\u00a0\u00a0 Marina Gomes Figueira, Carlos Roberto Teixeira Rodrigues, Nilton Gon\u00e7alves de Oliveira Jr., Fabricio Le Draper Vieira, Marcela Paschoal Rocha, Suellen Ribeiro Silva dos Santos. Tratamento de agenesia de incisivos laterais com facetas laminadas sem preparo dent\u00e1rio. Pr\u00f3teseNews 2017;4(2):172-182.<\/p>\n<p><!-- \/wp:heading --><\/p>\n<p><!-- wp:heading {\"level\":4} --><\/p>\n<p>10. Jaiane Bandoli Monteiro, Nayara Fernanda Barchetta, Aline Serrado de Pinho Barcellos, Guilherme Cabral, Renata Marques de Melo, Guilherme de Siqueira Ferreira Anzaloni Saavedra. Princ\u00edpios odontol\u00f3gicos na harmoniza\u00e7\u00e3o do sorriso: laminados cer\u00e2micos. Pr\u00f3teseNews 2017;4(4):396-408.<\/p>\n<p><!-- \/wp:heading --><\/p>\n<p><!-- wp:heading {\"level\":4} --><\/p>\n<p>11. Tatiana Saemi Calmon Yokota Araujo, Dennia Perez, Anderson Almeida Castilho, Humberto Lago de Castro, Tarcisio Jos\u00e9 de Arruda Paes Junior. Tratamento de malforma\u00e7\u00f5es do esmalte dent\u00e1rio (hipoplasia de esmalte) atrav\u00e9s de laminados cer\u00e2micos. Pr\u00f3teseNews 2017;4(4):440-452.<\/p>\n<p><!-- \/wp:heading --><\/p>\n<p><!-- wp:heading {\"level\":4} --><\/p>\n<p>12. Bruno de Castro Figueiredo, Aleska Dias Vanderlei, Paula Bernardon, Eduardo Anacleto Gricolo. A import\u00e2ncia do planejamento reverso na preserva\u00e7\u00e3o de estrutura dental em casos de laminados cer\u00e2micos. Pr\u00f3teseNews 2018;5(1):18-30.<\/p>\n<p><!-- \/wp:heading --><\/p>\n<p><!-- wp:heading {\"level\":4} --><\/p>\n<p>13. J\u00falio Nogueira Luz, Nath\u00e1lia de Carvalho Ramos, Rodrigo Diniz do Prado, Renata Marques de Melo, Marco Antonio Bottino, Guilherme de Siqueira Ferreira Anzaloni Saavedra. Laminados cer\u00e2micos CAD\/CAM e escaneamento Intraoral. Pr\u00f3teseNews 2018;5(1):32-40.<\/p>\n<p><!-- \/wp:heading --><\/p>\n<p><!-- wp:heading {\"level\":4} --><\/p>\n<p>14. Leandro Maruki Pereira, Caio C\u00e9sar Dias Resende, Ana Paula Schena Melo, Cintia Maruki Pereira, Edson Domingos Pereira Netto, Umberto Demoner Ramos. Reabilita\u00e7\u00e3o est\u00e9tica anterior por meio de aumento de coroa cl\u00ednica e laminados cer\u00e2micos. Pr\u00f3teseNews 2018;5(1):42-56.<\/p>\n<p><!-- \/wp:heading --><\/p>\n<p><!-- wp:heading {\"level\":4} --><\/p>\n<p>15. Daniel Hiramatsu, Andr\u00e9 Vilela. Reabilita\u00e7\u00e3o est\u00e9tica: cirurgia pl\u00e1stica periodontal associada a laminados cer\u00e2micos. Pr\u00f3teseNews 2018;5(5):550-558.<\/p>\n<p><!-- \/wp:heading --><\/p>\n<p><!-- wp:heading {\"level\":4} --><\/p>\n<p>16. Joao Moretti Jr., Cristiane de Oliveira Iamada Moretti, Gislaine Cristina dos Santos. Cirurgia plastica periodontal para corre\u00e7\u00e3o de sorriso gengival associada a laminados cer\u00e2micos. Pr\u00f3teseNews 2019;6(5):516-524.<\/p>\n<p><!-- \/wp:heading --><\/p>\n<p><!-- wp:heading {\"level\":4} --><\/p>\n<p>17. Clovis Pagani, Guilherme Schmitt de Andrade, Marina Gullo Augusto, Guilherme S. F. A. Saavedra. Utiliza\u00e7\u00e3o de um fluxo de trabalho digital para confec\u00e7\u00e3o de laminados cer\u00e2micos. Pr\u00f3teseNews 2019;6(6):636-48.<\/p>\n<p><!-- \/wp:heading --><\/p>\n<p><!-- wp:heading {\"level\":3} --><\/p>\n<p>18. <strong><a href=\"https:\/\/revistaimplantnews.com.br\/cimentacao-adesiva-de-laminados-de-ceramica-vitrea-com-primer-autocondicionante-relato-de-caso\/\">Cimenta\u00e7\u00e3o adesiva de laminados de cer\u00e2mica v\u00edtrea com primer autocondicionante: relato de caso<\/a>.\u00a0ImplantNews Reab Oral 2021;6(4):<\/strong><\/p>\n<p><!-- \/wp:heading --><\/p>\n<p><!-- wp:heading {\"level\":3} --><\/p>\n<p>19. <a href=\"https:\/\/revistaimplantnews.com.br\/planejamento-digital-3d-e-facetas-laminadas-por-sistema-cad-cam\/\">Planejamento digital 3D e facetas laminadas por sistema CAD\/CAM<\/a>. ImplantNews Reab Oral 2021;6(4a): (ISSN 2675-5610)<\/p>\n<p><!-- \/wp:heading --><\/p>\n<p><!-- wp:heading {\"level\":4} --><\/p>\n<p>20. Conduta cl\u00ednica frente \u00e0 fratura precoce de laminado cer\u00e2mico: relato de caso. FACE 2019;1(1):60-71.<\/p>\n<p><!-- \/wp:heading --><\/p>\n<p><!-- wp:heading {\"level\":4} --><\/p>\n<p>21. Associa\u00e7\u00e3o de laminados cer\u00e2micos e resinas compostas em uma reabilita\u00e7\u00e3o oral est\u00e9tica. FACE 2019;1(2):170-182.<\/p>\n<p><!-- \/wp:heading --><\/p>\n<p><!-- wp:heading {\"level\":4} --><\/p>\n<p>22. <strong>Suplemento especial Pr\u00f3teseNews \u2013 volume 2 \u2013 Facetas laminadas \u2013 2013;10(4):31-50.<\/strong><\/p>\n<p><!-- \/wp:heading --><\/p>\n<p><!-- wp:heading {\"level\":3} --><\/p>\n<p>23. <a href=\"http:\/\/www.inpn.com.br\/InPerio\/Artigo\/Index\/32523\">Rafael de Oliveira Dias , Ricardo Bruno Ventre, Fernando Alves Feitosa, Daniel Morita Silva, Sergio de Oliveira, Eduardo Mesquita Sampaio, Let\u00edcia Bissaco Sanches , Monica Pires de Oliveira Dias. Aumento de coroa cl\u00ednica sem retalho em \u00e1rea est\u00e9tica associado \u00e0 instala\u00e7\u00e3o de laminados cer\u00e2micos \u2013 relato de caso cl\u00ednico com dez meses de acompanhamento ap\u00f3s cimenta\u00e7\u00e3o<\/a>. ImplantNewsPerio 2018;3(5):941-949.\u00a0 [ISSN 2447-7567]<\/p>\n<p><!-- \/wp:heading --><\/p>\n<p><!-- wp:heading {\"level\":4} --><\/p>\n<p>24. Rodrigo Othavio de Assuncao e Souza, Eduardo Miyashita. Lentes de contato ceramicas como alternativa para correcao de giroversoes e diastemas em area est\u00e9tica. Pr\u00f3teseNews 2014;1(1):38-50.<\/p>\n<p><!-- \/wp:heading --><\/p>\n<p><!-- wp:heading {\"level\":4} --><\/p>\n<p>25. Alberto Alvarenga de Oliveira, Ana Paula Macarini Ielpo, Augusto C\u00e9sar Vidal, Fernanda de Oliveira Abu-Izze, Fernanda de C\u00e1ssia Papaiz Gon\u00e7alves. Facetas laminadas como \u201clentes de contato\u201d. Pr\u00f3teseNews 2016;3(4):428-434.<\/p>\n<p><!-- \/wp:heading --><\/p>\n<p><!-- wp:heading {\"level\":4} --><\/p>\n<p>26. Otavio Marino dos Santos Neto, Ricardo Alexandre Zavanelli, Jose Vitor Quinelli Mazaro, Adriana Cristina Zavanelli. Plastica gengival guiada pelo ensaio est\u00e9tico e associada as lentes de contato: cinco anos de acompanhamento. Pr\u00f3teseNews 2017;4(3):310-320.<\/p>\n<p><!-- \/wp:heading --><\/p>\n<p><!-- wp:heading {\"level\":4} --><\/p>\n<p>27. Gabriela Monteiro de Ara\u00fajo, Taciana Em\u00edlia Leite Vila-Nova, Dayanne Monielle Duarte Moura, Lidya Nara Marques de Ara\u00fajo, Jos\u00e9 Vagner Ferreira, Bruno Cesar de Vasconcelos Gurgel, Marco Antonio Bottino, Rodrigo Oth\u00e1vio de Assun\u00e7\u00e3o e Souza. Lentes de contato em zirc\u00f4nia monol\u00edtica ultratransl\u00facida: realidade ou futuro? Relato de caso com um ano de acompanhamento cl\u00ednico. Pr\u00f3teseNews 2018;5(4):414-424.<\/p>\n<p><!-- \/wp:heading --><\/p>\n<p><!-- wp:heading {\"level\":3} --><\/p>\n<p>28. Silva-Filho, Wagner Leal Serra e; Silva, Ma\u00edra Days\u00ea Moreira Serra e; Prado Jr, Raimundo Rosendo. Corre\u00e7\u00e3o cir\u00fargica de sorriso gengival combinada com facetas diretas de resina composta. ImplantNewsPerio 2016;1(7):1368-1377. [ISSN 2447-7567] \u00a0\u00a0\u00a0\u00a0<\/p>\n<p><!-- \/wp:heading --><\/p>\n<p><!-- wp:heading {\"level\":3} --><\/p>\n<p>29. Macedo, Lu\u00eds Guilherme Scavone de; Macedo, Nelson Luiz de; Monteiro, Adriana do Socorro Ferreira. Implante imediato sem retalho utilizando faceta de dentes extra\u00eddos em pr\u00f3tese provis\u00f3ria e carga imediata n\u00e3o funcional para otimiza\u00e7\u00e3o est\u00e9tica. ImplantNews 2009;6(3):261-267. [ISSN 1678-6661]<\/p>\n<p><!-- \/wp:heading --><\/p>\n<p><!-- wp:heading {\"level\":4} --><\/p>\n<p>30. Diego Klee de Vasconcellos, Claudia Angela Maziero Volpato . Implantes dentarios em combina\u00e7\u00e3o com facetas ceramicas \u2013 uma alternativa reabilitadora est\u00e9tica. Pr\u00f3teseNews 2014;1(1):14-20.<\/p>\n<p><!-- \/wp:heading --><\/p>\n<p><!-- wp:heading {\"level\":4} --><\/p>\n<p>31. Luiz Gustavo Fontes Ferraz Ribeiro, Milton Edson Miranda, Jos\u00e9 Renato Ribeiro Pinto, Karina Andrea Novaes Olivieri, Carlos Alberto Muzilli. An\u00e1lise comparativa entre tipos de preparo para facetas laminadas, em rela\u00e7\u00e3o \u00e0 resist\u00eancia da cer\u00e2mica, em ensaios de impacto. Pr\u00f3teseNews 2015;2(4):452-458.<\/p>\n<p><!-- \/wp:heading --><\/p>\n<p><!-- wp:heading {\"level\":4} --><\/p>\n<p>32. Fab\u00edola Jardim Barbon, Ana Paula Pinto Martins, Mateus Bertolini Fernandes dos Santos, C\u00e9sar Dalmolin Bergoli, Rafael Ratto de Moraes, No\u00e9li Boscato. Restabelecimento funcional e est\u00e9tico com coroas e facetas laminadas. Pr\u00f3teseNews 2016;3(4):408-16.<\/p>\n<p><!-- \/wp:heading --><\/p>\n<p><!-- wp:heading {\"level\":4} --><\/p>\n<p>33. Marina Gomes Figueira, Carlos Roberto Teixeira Rodrigues, Nilton Gon\u00e7alves de Oliveira Jr., Fabricio Le Draper Vieira, Marcela Paschoal Rocha, Suellen Ribeiro Silva dos Santos. Tratamento de agenesia de incisivos laterais com facetas laminadas sem preparo dent\u00e1rio. Pr\u00f3teseNews 2017;4(2):172-182.<\/p>\n<p><!-- \/wp:heading --><\/p>\n<p><!-- wp:heading {\"level\":4} --><\/p>\n<p>34. Jessica Cecilia Araujo Vitor Modesto, Sinara Matos Goncalves, Gabriel Gomes da Silva, Everton Freitas de Morais, Juliana Campos Pinheiro, Antonio Alves de Almeida Jr. Influencia da cimentacao adesiva na qualidade das facetas cer\u00e2micas. Pr\u00f3teseNews 2019;6(3):306-313.<\/p>\n<p><!-- \/wp:heading --><\/p>\n<p><!-- wp:heading {\"level\":4} --><\/p>\n<p>35. Leandro Maruki Pereira, Marcel Santana Prudente, Wesley Garcia Rodrigues, Rafaela Flavia Barbosa, Victor Basilio Boaventura, Gustavo Vieira Leles, Margarida Hiroko Maruki Pereira, Eduardo Moura Mendes, Edson Domingos Pereira Netto. Reabilitacao anterior com facetas ceramicas de paciente com relacao oclusal anterior topo a topo. Pr\u00f3teseNews 2019;6(4):414-424.<\/p>\n<p><!-- \/wp:heading --><\/p>\n<p><!-- wp:heading {\"textAlign\":\"left\",\"level\":3} --><\/p>\n<p>36. <strong>Rafaelly Cubas Camargo,\u00a0Stephanie Gomes Assun\u00e7\u00e3o Alves,\u00a0Antonio Setsuo Sakamoto Junior.\u00a0Facetas em resina composta em dentes anteriores escurecidos pela t\u00e9cnica da matriz transparente. FACE 2020;2(1):20-29<\/strong>.<\/p>\n<p><!-- \/wp:heading --><\/p>\n<p><!-- wp:heading {\"level\":3} --><\/p>\n<p>37. Rugosidade de brocas diamantadas ap\u00f3s preparo para facetas e ciclos de esteriliza\u00e7\u00e3o: estudo in vitro. ImplantNews Reab Oral 2021;6(3):\u00a0<strong>(ISSN 2675-5610)<\/strong><\/p>\n<p><!-- \/wp:heading --><\/p>\n<p><!-- wp:heading {\"level\":3} --><\/p>\n<p>38. <a href=\"https:\/\/revistaimplantnews.com.br\/planejamento-digital-3d-e-facetas-laminadas-por-sistema-cad-cam\/\">Planejamento digital 3D e facetas laminadas por sistema CAD\/CAM<\/a>. ImplantNews Reab Oral 2021;6(4a): (ISSN 2675-5610)<\/p>\n<p><!-- \/wp:heading --><\/p>\n<p><!-- wp:heading {\"level\":3} --><\/p>\n<p>39. Uso da impress\u00e3o 3D em reabilita\u00e7\u00f5es prot\u00e9ticas mistas com facetas e implantes. ImplantNews Reab Oral 2021;6(5a): (ISSN 2675-5610)<\/p>\n<p><!-- \/wp:heading --><\/p>\n<p><!-- wp:paragraph --><\/p>\n<p>40. <strong>Reabilita\u00e7\u00e3o est\u00e9tica e funcional \u2013 a import\u00e2ncia dos recursos digitais. ImplantNews Reab Oral 2022;7(3):438- (ISSN 2675-5610)<\/strong><\/p>\n<p><!-- \/wp:paragraph --><\/p>\n<p><!-- wp:heading {\"level\":3} --><\/p>\n<p>41. Fluxo digital de trabalho na reabilita\u00e7\u00e3o oral com inlay de cer\u00e2mica feldsp\u00e1tica refor\u00e7ada por leucita. ImplantNews Reab Oral 2022;7(4): (ISSN 2675-5610)<\/p>\n<p><!-- \/wp:heading --><\/p>\n<p><!-- wp:heading {\"level\":3} --><\/p>\n<p>42. Remo\u00e7\u00e3o de retentores intrarradiculares:\u00a0um guia das evid\u00eancias atuais. ImplantNews Reab Oral 2022;7(4): (ISSN 2675-5610)<\/p>\n<p><!-- \/wp:heading --><\/p>\n<p><!-- wp:heading {\"level\":3} --><\/p>\n<p>43. Fluxo digital em reabilita\u00e7\u00e3o est\u00e9tica por meio de laminados cer\u00e2micos. ImplantNews Reab Oral 2022;7(4): (ISSN 2675-5610)<\/p>\n<p><!-- \/wp:heading --><\/p>\n<p><!-- wp:paragraph --><\/p>\n<p>44. Cimenta\u00e7\u00e3o adesiva com uso de resina composta pr\u00e9-aquecida: revis\u00e3o da literatura. ImplantNews Reab Oral 2022;7(5): (ISSN 2675-5610).<\/p>\n<p>45.\u00a0<span style=\"font-family: Arial, sans-serif; font-size: 12pt; color: var( --e-global-color-text );\">Pereira GM, Rovai ES, De Morais RC. Associa\u00e7\u00e3o de cirurgia pl\u00e1stica periodontal e resina composta na reabilita\u00e7\u00e3o anterior com alta necessidade est\u00e9tica. ImplantNews Reab Oral 2022;7(6): (ISSN 2675-5610)<\/span><\/p>\n<p><span style=\"font-family: Arial, sans-serif; font-size: 12pt; color: var( --e-global-color-text );\">46.\u00a0<\/span><span style=\"font-size: 18px; color: #000000;\">Uni\u00e3o de transferentes com resina bisacr\u00edlica para moldagem de implantes: relato de caso. ImplantNews Reab Oral 2023;8(1): (ISSN 2675-5610)<\/span><\/p>\n<p><span style=\"font-size: 18px; color: #000000;\">47.\u00a0<\/span><span style=\"font-size: 18px; color: #000000;\">Renovando a autoestima com facetas e.max IPS Press: relato de caso cl\u00ednico da reabilita\u00e7\u00e3o est\u00e9tica. ImplantNews Reab Oral 2023;8(1): (ISSN 2675-5610)<\/span><\/p>\n<p><span style=\"font-size: 18px; color: #000000;\">48.\u00a0<\/span><span style=\"font-size: 18px;\">Jo\u00e3o Moretti Junior, Cristiane Iamada Moretti. Reabilita\u00e7\u00e3o funcional na zona est\u00e9tica atrav\u00e9s da substitui\u00e7\u00e3o de implantes: combinando coroas de resina fotopolimeriz\u00e1veis sobre copings de PEEK e facetas diretas. ImplantNews Reab Oral 2023;8(2):254-259. (ISSN 2675-5610)<\/span><\/p>\n<p style=\"margin-bottom: 0cm; line-height: normal; mso-layout-grid-align: none; text-autospace: none;\">\u00a0<\/p>\n<p><!-- \/wp:paragraph --><\/p>\n<p><!-- wp:paragraph --><\/p>\n<p><!-- \/wp:paragraph --><\/p><\/div>\n\t\t\t\t<\/div>\n\t\t\t\t<\/div>\n\t\t\t\t\t\t<\/div>\n\t\t\t\t\t<\/div>\n\t\t<\/div>\n\t\t\t\t\t\t\t\t<\/div>\n\t\t\t\t\t<\/div>\n\t\t<\/section>\n\t\t\t\t\t\t<\/div>\n\t\t\t\t\t\t<\/div>\n\t\t\t\t\t<\/div>\n\t\t","protected":false},"excerpt":{"rendered":"<p>artigos &#8211; Laminados, lentes, facetas 1.\u00a0\u00a0\u00a0 Rodrigo Monsano, William Kabbach. Protocolo para laminados cer\u00e2micos injetados \u2013 quando est\u00e9tica e praticidade caminham juntas. Pr\u00f3teseNews 2014;1(2):156-66. 2.\u00a0\u00a0\u00a0 Leonardo Fernandes da Cunha, El\u00edsio Ribeiro, Fernando Dalitz, Juliana Feltrin de Souza, Gisele Maria Correr. Restabelecimento da domin\u00e2ncia dos incisivos centrais com laminados cer\u00e2micos. Pr\u00f3teseNews 2014;1(3):288-295. 3.\u00a0\u00a0\u00a0 Ana Paula Perroni, [&hellip;]<\/p>\n","protected":false},"author":16,"featured_media":0,"comment_status":"closed","ping_status":"closed","sticky":false,"template":"","format":"standard","meta":[],"categories":[183],"tags":[],"yoast_head":"<!-- This site is optimized with the Yoast SEO plugin v16.0.2 - https:\/\/yoast.com\/wordpress\/plugins\/seo\/ -->\n<title>Smart list - Laminados, lentes, facetas - Intranet VMCom<\/title>\n<meta property=\"og:locale\" content=\"pt_BR\" \/>\n<meta property=\"og:type\" content=\"article\" \/>\n<meta property=\"og:title\" content=\"Smart list - Laminados, lentes, facetas - Intranet VMCom\" \/>\n<meta property=\"og:description\" content=\"artigos &#8211; Laminados, lentes, facetas 1.\u00a0\u00a0\u00a0 Rodrigo Monsano, William Kabbach. Protocolo para laminados cer\u00e2micos injetados \u2013 quando est\u00e9tica e praticidade caminham juntas. Pr\u00f3teseNews 2014;1(2):156-66. 2.\u00a0\u00a0\u00a0 Leonardo Fernandes da Cunha, El\u00edsio Ribeiro, Fernando Dalitz, Juliana Feltrin de Souza, Gisele Maria Correr. Restabelecimento da domin\u00e2ncia dos incisivos centrais com laminados cer\u00e2micos. Pr\u00f3teseNews 2014;1(3):288-295. 3.\u00a0\u00a0\u00a0 Ana Paula Perroni, [&hellip;]\" \/>\n<meta property=\"og:url\" content=\"https:\/\/vmcom-knowledge.com.br\/intranet\/smart-list-laminados-lentes-facetas\/\" \/>\n<meta property=\"og:site_name\" content=\"Intranet VMCom\" \/>\n<meta property=\"article:published_time\" content=\"2022-05-08T22:09:49+00:00\" \/>\n<meta property=\"article:modified_time\" content=\"2024-01-15T13:32:46+00:00\" \/>\n<meta name=\"twitter:card\" content=\"summary_large_image\" \/>\n<meta name=\"twitter:label1\" content=\"Est. tempo de leitura\">\n\t<meta name=\"twitter:data1\" content=\"6 minutos\">\n<script type=\"application\/ld+json\" class=\"yoast-schema-graph\">{\"@context\":\"https:\/\/schema.org\",\"@graph\":[{\"@type\":\"WebSite\",\"@id\":\"https:\/\/vmcom-knowledge.com.br\/intranet\/#website\",\"url\":\"https:\/\/vmcom-knowledge.com.br\/intranet\/\",\"name\":\"Intranet VMCom\",\"description\":\"O seu canal de conhecimento\",\"potentialAction\":[{\"@type\":\"SearchAction\",\"target\":\"https:\/\/vmcom-knowledge.com.br\/intranet\/?s={search_term_string}\",\"query-input\":\"required name=search_term_string\"}],\"inLanguage\":\"pt-BR\"},{\"@type\":\"WebPage\",\"@id\":\"https:\/\/vmcom-knowledge.com.br\/intranet\/smart-list-laminados-lentes-facetas\/#webpage\",\"url\":\"https:\/\/vmcom-knowledge.com.br\/intranet\/smart-list-laminados-lentes-facetas\/\",\"name\":\"Smart list - Laminados, lentes, facetas - Intranet VMCom\",\"isPartOf\":{\"@id\":\"https:\/\/vmcom-knowledge.com.br\/intranet\/#website\"},\"datePublished\":\"2022-05-08T22:09:49+00:00\",\"dateModified\":\"2024-01-15T13:32:46+00:00\",\"author\":{\"@id\":\"https:\/\/vmcom-knowledge.com.br\/intranet\/#\/schema\/person\/eda222d7491d80ca40a6acb32d4011ba\"},\"breadcrumb\":{\"@id\":\"https:\/\/vmcom-knowledge.com.br\/intranet\/smart-list-laminados-lentes-facetas\/#breadcrumb\"},\"inLanguage\":\"pt-BR\",\"potentialAction\":[{\"@type\":\"ReadAction\",\"target\":[\"https:\/\/vmcom-knowledge.com.br\/intranet\/smart-list-laminados-lentes-facetas\/\"]}]},{\"@type\":\"BreadcrumbList\",\"@id\":\"https:\/\/vmcom-knowledge.com.br\/intranet\/smart-list-laminados-lentes-facetas\/#breadcrumb\",\"itemListElement\":[{\"@type\":\"ListItem\",\"position\":1,\"item\":{\"@type\":\"WebPage\",\"@id\":\"https:\/\/vmcom-knowledge.com.br\/intranet\/\",\"url\":\"https:\/\/vmcom-knowledge.com.br\/intranet\/\",\"name\":\"In\\u00edcio\"}},{\"@type\":\"ListItem\",\"position\":2,\"item\":{\"@type\":\"WebPage\",\"@id\":\"https:\/\/vmcom-knowledge.com.br\/intranet\/smart-list-laminados-lentes-facetas\/\",\"url\":\"https:\/\/vmcom-knowledge.com.br\/intranet\/smart-list-laminados-lentes-facetas\/\",\"name\":\"Smart list &#8211; Laminados, lentes, facetas\"}}]},{\"@type\":\"Person\",\"@id\":\"https:\/\/vmcom-knowledge.com.br\/intranet\/#\/schema\/person\/eda222d7491d80ca40a6acb32d4011ba\",\"name\":\"Paulo\",\"image\":{\"@type\":\"ImageObject\",\"@id\":\"https:\/\/vmcom-knowledge.com.br\/intranet\/#personlogo\",\"inLanguage\":\"pt-BR\",\"url\":\"https:\/\/secure.gravatar.com\/avatar\/90d73d8a10232fe66ac0f6bcb1740c8b?s=96&d=mm&r=g\",\"caption\":\"Paulo\"}}]}<\/script>\n<!-- \/ Yoast SEO plugin. -->","_links":{"self":[{"href":"https:\/\/vmcom-knowledge.com.br\/intranet\/wp-json\/wp\/v2\/posts\/27628"}],"collection":[{"href":"https:\/\/vmcom-knowledge.com.br\/intranet\/wp-json\/wp\/v2\/posts"}],"about":[{"href":"https:\/\/vmcom-knowledge.com.br\/intranet\/wp-json\/wp\/v2\/types\/post"}],"author":[{"embeddable":true,"href":"https:\/\/vmcom-knowledge.com.br\/intranet\/wp-json\/wp\/v2\/users\/16"}],"replies":[{"embeddable":true,"href":"https:\/\/vmcom-knowledge.com.br\/intranet\/wp-json\/wp\/v2\/comments?post=27628"}],"version-history":[{"count":33,"href":"https:\/\/vmcom-knowledge.com.br\/intranet\/wp-json\/wp\/v2\/posts\/27628\/revisions"}],"predecessor-version":[{"id":42236,"href":"https:\/\/vmcom-knowledge.com.br\/intranet\/wp-json\/wp\/v2\/posts\/27628\/revisions\/42236"}],"wp:attachment":[{"href":"https:\/\/vmcom-knowledge.com.br\/intranet\/wp-json\/wp\/v2\/media?parent=27628"}],"wp:term":[{"taxonomy":"category","embeddable":true,"href":"https:\/\/vmcom-knowledge.com.br\/intranet\/wp-json\/wp\/v2\/categories?post=27628"},{"taxonomy":"post_tag","embeddable":true,"href":"https:\/\/vmcom-knowledge.com.br\/intranet\/wp-json\/wp\/v2\/tags?post=27628"}],"curies":[{"name":"wp","href":"https:\/\/api.w.org\/{rel}","templated":true}]}}