{"id":27390,"date":"2022-05-06T16:50:29","date_gmt":"2022-05-06T19:50:29","guid":{"rendered":"https:\/\/vmcom-knowledge.com.br\/intranet\/?p=27390"},"modified":"2024-01-14T07:16:39","modified_gmt":"2024-01-14T10:16:39","slug":"smart-list-parestesia-e-lateralizacao-nervo-alveolar-inferior","status":"publish","type":"post","link":"https:\/\/vmcom-knowledge.com.br\/intranet\/smart-list-parestesia-e-lateralizacao-nervo-alveolar-inferior\/","title":{"rendered":"Smart list &#8211; Parestesia e lateraliza\u00e7\u00e3o &#8211; nervo alveolar inferior"},"content":{"rendered":"\t\t<div data-elementor-type=\"wp-post\" data-elementor-id=\"27390\" class=\"elementor elementor-27390\" data-elementor-settings=\"[]\">\n\t\t\t\t\t\t<div class=\"elementor-inner\">\n\t\t\t\t\t\t\t<div class=\"elementor-section-wrap\">\n\t\t\t\t\t\t\t<section class=\"elementor-section elementor-top-section elementor-element elementor-element-106bbda0 elementor-section-boxed elementor-section-height-default elementor-section-height-default\" data-id=\"106bbda0\" data-element_type=\"section\">\n\t\t\t\t\t\t<div class=\"elementor-container elementor-column-gap-default\">\n\t\t\t\t\t\t\t<div class=\"elementor-row\">\n\t\t\t\t\t<div class=\"elementor-column elementor-col-100 elementor-top-column elementor-element elementor-element-2b376dc6\" data-id=\"2b376dc6\" data-element_type=\"column\">\n\t\t\t<div class=\"elementor-column-wrap elementor-element-populated\">\n\t\t\t\t\t\t\t<div class=\"elementor-widget-wrap\">\n\t\t\t\t\t\t<div class=\"elementor-element elementor-element-6657085 elementor-widget elementor-widget-heading\" data-id=\"6657085\" data-element_type=\"widget\" data-widget_type=\"heading.default\">\n\t\t\t\t<div class=\"elementor-widget-container\">\n\t\t\t<h2 class=\"elementor-heading-title elementor-size-default\">artigos - parestesia - lateraliza\u00e7\u00e3o - nervo alveolar inferior<\/h2>\t\t<\/div>\n\t\t\t\t<\/div>\n\t\t\t\t<div class=\"elementor-element elementor-element-66f0401 elementor-widget-divider--view-line elementor-widget elementor-widget-divider\" data-id=\"66f0401\" data-element_type=\"widget\" data-widget_type=\"divider.default\">\n\t\t\t\t<div class=\"elementor-widget-container\">\n\t\t\t\t\t<div class=\"elementor-divider\">\n\t\t\t<span class=\"elementor-divider-separator\">\n\t\t\t\t\t\t<\/span>\n\t\t<\/div>\n\t\t\t\t<\/div>\n\t\t\t\t<\/div>\n\t\t\t\t<div class=\"elementor-element elementor-element-3ae7d725 elementor-widget elementor-widget-text-editor\" data-id=\"3ae7d725\" data-element_type=\"widget\" data-widget_type=\"text-editor.default\">\n\t\t\t\t<div class=\"elementor-widget-container\">\n\t\t\t\t\t<div class=\"elementor-text-editor elementor-clearfix\"><p><!-- wp:heading {\"level\":3} --><\/p>\n<p>1.\u00a0\u00a0\u00a0 Pedrazini, Maria Cristina; Ramalho, Saturnino A; Wassall, Thomaz. Incid\u00eancia do canal \u00f3sseo do nervo incisivo, ramo do nervo alveolar inferior, em 502 panor\u00e2micas. ImplantNews 2006;3(3):271-278. [ISSN 1678-6661]<\/p>\n<p><!-- \/wp:heading --><\/p>\n<p><!-- wp:heading {\"level\":3} --><\/p>\n<p>2.\u00a0\u00a0\u00a0 Yoshimoto, Marcelo; Sakita, Gilson; Pazos y Garcia, Marco Antonio; Salles, Marcos Barbosa; Maluf, Paulo Sergio Zaidan; Magalh\u00e3es, Jos\u00e9 C\u00e1ssio de Almeida. Uma nova proposta para revers\u00e3o da parestesia em lateraliza\u00e7\u00e3o de nervo alveolar inferior. ImplantNews 2008;5(6):619-625. [ISSN 1678-6661]<\/p>\n<p><!-- \/wp:heading --><\/p>\n<p><!-- wp:heading {\"level\":3} --><\/p>\n<p>3.\u00a0\u00a0\u00a0 Siqueira, Jos\u00e9 Tadeu Tesseroli de; Dias, Pedro Velasco; Siqueira, Silvia Regina D. T. de. Les\u00e3o de nervo, anormalidade sensitiva e dor persistente em implantodontia: devo remover o implante? ImplantNews 2011;8(5):619-624. [ISSN 1678-6661]<\/p>\n<p><!-- \/wp:heading --><\/p>\n<p><!-- wp:heading {\"level\":3} --><\/p>\n<p>4.\u00a0\u00a0\u00a0 Machado, Mariela Francisco; Guzzatti, Morgana Machado; B\u00farigo, Michele. A import\u00e2ncia da fisioterapia em casos de parestesia. ImplantNews 2012;9(1):105-110. [ISSN 1678-6661]<\/p>\n<p><!-- \/wp:heading --><\/p>\n<p><!-- wp:heading {\"level\":3} --><\/p>\n<p>5.\u00a0\u00a0\u00a0 Cardoso, Leandro de Carvalho; Melo, Luiz Gustavo Nascimento; Oliveira, Egilson Rosa; Zavanelli, Ricardo Alexandre; Guilherme, Ad\u00e9rico Santana; Cheim Jr, Adonai Peixoto. Uso da prototipagem para lateraliza\u00e7\u00e3o do nervo alveolar inferior. ImplantNews 2011;8(3):331-336. [ISSN 1678-6661]<\/p>\n<p><!-- \/wp:heading --><\/p>\n<p><!-- wp:heading {\"level\":3} --><\/p>\n<p>6.\u00a0\u00a0\u00a0 Nascimento, Aderval do; B\u00f5ing, Fernanda; Paiva-Oliveira, Janayna Gomes; Benaglia, Matheus Benjamin; Velasco, Jony Capistrano; Gon\u00e7alves, Valdir Ferreira. Lateraliza\u00e7\u00e3o bilateral do nervo alveolar inferior. ImplantNews 2011;8(4):469-474. [ISSN 1678-6661]\u00a0<\/p>\n<p><!-- \/wp:heading --><\/p>\n<p><!-- wp:heading {\"level\":3} --><\/p>\n<p>7.\u00a0\u00a0\u00a0 Jayme, S\u00e9rgio J; Jugdar, Ricardo Elias; Franco, Leonardo de; Ramalho, Paulo R; Shibli, Jamil Awad; Vasco, Marco A. A. Uso de placas de tit\u00e2nio para diminuir o risco de fratura mandibular em procedimentos de lateraliza\u00e7\u00e3o do nervo alveolar inferior: an\u00e1lise 3D por elementos finitos. ImplantNews 2013;10(4):485-491. [ISSN 1678-6661]<\/p>\n<p><!-- \/wp:heading --><\/p>\n<p><!-- wp:heading {\"level\":3} --><\/p>\n<p>8.\u00a0\u00a0\u00a0 Ramalho, Gabriel Cardoso; Santos, Liliane Menezes dos; Sanches, Marco Antonio; Torres, Caio Vin\u00edcius Gon\u00e7alves Roman; Sendyk, Wilson Roberto; Pimentel, Ang\u00e9lica Castro. T\u00e9cnicas de transposi\u00e7\u00e3o\/lateraliza\u00e7\u00e3o do nervo alveolar inferior \u00ad uma revis\u00e3o da literatura sobre o d\u00e9ficit neurossensorial e a taxa de sucesso dos implantes dent\u00e1rios. ImplantNewsPerio 2017;2(6):1042-1048. [ISSN 2447-7567]<\/p>\n<p><!-- \/wp:heading --><\/p>\n<p><!-- wp:heading {\"level\":4} --><\/p>\n<p>9.\u00a0\u00a0\u00a0 Fernanda Valentin Dias, Paulo Norberto Hasse, Andr\u00e9 Lu\u00edz Lux Klein. Diminui\u00e7\u00e3o da morbidade dos procedimentos de lateraliza\u00e7\u00e3o ou transposi\u00e7\u00e3o do nervo alveolar inferior atrav\u00e9s de piezocirurgia. ImplantNewsPerio 2019;4(6):1140- . [ISSN 2447-7567]<\/p>\n<p>10.\u00a0<span style=\"color: black; font-family: Arial, sans-serif; font-size: 12pt; text-align: justify;\">Vianna RW, Senff J, Spsila T, Sydney PBH. Dor neurop\u00e1tica trigeminal p\u00f3s-traum\u00e1tica (DNTPT): qual o conhecimento atual dos implantodontistas sobre esse tema? ImplantNews Reab Oral 2022;7(6): (ISSN 2675-5610)<\/span><\/p>\n<h3>11. T\u00e9cnica minimamente invasiva de lateraliza\u00e7\u00e3o do nervo alveolar inferior (in-block): descri\u00e7\u00e3o, indica\u00e7\u00f5es e aspectos relevantes. ImplantNews Reab Oral 2023;8(6):848-856. (ISSN 2675-5610).<\/h3>\n<p class=\"MsoNormal\" style=\"margin-bottom: 0cm; text-align: justify; line-height: normal; mso-layout-grid-align: none; text-autospace: none;\">\u00a0<\/p>\n<p><!-- \/wp:heading --><\/p><\/div>\n\t\t\t\t<\/div>\n\t\t\t\t<\/div>\n\t\t\t\t\t\t<\/div>\n\t\t\t\t\t<\/div>\n\t\t<\/div>\n\t\t\t\t\t\t\t\t<\/div>\n\t\t\t\t\t<\/div>\n\t\t<\/section>\n\t\t\t\t\t\t<\/div>\n\t\t\t\t\t\t<\/div>\n\t\t\t\t\t<\/div>\n\t\t","protected":false},"excerpt":{"rendered":"<p>artigos &#8211; parestesia &#8211; lateraliza\u00e7\u00e3o &#8211; nervo alveolar inferior 1.\u00a0\u00a0\u00a0 Pedrazini, Maria Cristina; Ramalho, Saturnino A; Wassall, Thomaz. Incid\u00eancia do canal \u00f3sseo do nervo incisivo, ramo do nervo alveolar inferior, em 502 panor\u00e2micas. ImplantNews 2006;3(3):271-278. [ISSN 1678-6661] 2.\u00a0\u00a0\u00a0 Yoshimoto, Marcelo; Sakita, Gilson; Pazos y Garcia, Marco Antonio; Salles, Marcos Barbosa; Maluf, Paulo Sergio Zaidan; Magalh\u00e3es, [&hellip;]<\/p>\n","protected":false},"author":16,"featured_media":0,"comment_status":"closed","ping_status":"closed","sticky":false,"template":"","format":"standard","meta":[],"categories":[183],"tags":[],"yoast_head":"<!-- This site is optimized with the Yoast SEO plugin v16.0.2 - https:\/\/yoast.com\/wordpress\/plugins\/seo\/ -->\n<title>Smart list - Parestesia e lateraliza\u00e7\u00e3o - nervo alveolar inferior - Intranet VMCom<\/title>\n<meta property=\"og:locale\" content=\"pt_BR\" \/>\n<meta property=\"og:type\" content=\"article\" \/>\n<meta property=\"og:title\" content=\"Smart list - Parestesia e lateraliza\u00e7\u00e3o - nervo alveolar inferior - Intranet VMCom\" \/>\n<meta property=\"og:description\" content=\"artigos &#8211; parestesia &#8211; lateraliza\u00e7\u00e3o &#8211; nervo alveolar inferior 1.\u00a0\u00a0\u00a0 Pedrazini, Maria Cristina; Ramalho, Saturnino A; Wassall, Thomaz. Incid\u00eancia do canal \u00f3sseo do nervo incisivo, ramo do nervo alveolar inferior, em 502 panor\u00e2micas. ImplantNews 2006;3(3):271-278. [ISSN 1678-6661] 2.\u00a0\u00a0\u00a0 Yoshimoto, Marcelo; Sakita, Gilson; Pazos y Garcia, Marco Antonio; Salles, Marcos Barbosa; Maluf, Paulo Sergio Zaidan; Magalh\u00e3es, [&hellip;]\" \/>\n<meta property=\"og:url\" content=\"https:\/\/vmcom-knowledge.com.br\/intranet\/smart-list-parestesia-e-lateralizacao-nervo-alveolar-inferior\/\" \/>\n<meta property=\"og:site_name\" content=\"Intranet VMCom\" \/>\n<meta property=\"article:published_time\" content=\"2022-05-06T19:50:29+00:00\" \/>\n<meta property=\"article:modified_time\" content=\"2024-01-14T10:16:39+00:00\" \/>\n<meta name=\"twitter:card\" content=\"summary_large_image\" \/>\n<meta name=\"twitter:label1\" content=\"Est. tempo de leitura\">\n\t<meta name=\"twitter:data1\" content=\"2 minutos\">\n<script type=\"application\/ld+json\" class=\"yoast-schema-graph\">{\"@context\":\"https:\/\/schema.org\",\"@graph\":[{\"@type\":\"WebSite\",\"@id\":\"https:\/\/vmcom-knowledge.com.br\/intranet\/#website\",\"url\":\"https:\/\/vmcom-knowledge.com.br\/intranet\/\",\"name\":\"Intranet VMCom\",\"description\":\"O seu canal de conhecimento\",\"potentialAction\":[{\"@type\":\"SearchAction\",\"target\":\"https:\/\/vmcom-knowledge.com.br\/intranet\/?s={search_term_string}\",\"query-input\":\"required name=search_term_string\"}],\"inLanguage\":\"pt-BR\"},{\"@type\":\"WebPage\",\"@id\":\"https:\/\/vmcom-knowledge.com.br\/intranet\/smart-list-parestesia-e-lateralizacao-nervo-alveolar-inferior\/#webpage\",\"url\":\"https:\/\/vmcom-knowledge.com.br\/intranet\/smart-list-parestesia-e-lateralizacao-nervo-alveolar-inferior\/\",\"name\":\"Smart list - Parestesia e lateraliza\\u00e7\\u00e3o - nervo alveolar inferior - Intranet VMCom\",\"isPartOf\":{\"@id\":\"https:\/\/vmcom-knowledge.com.br\/intranet\/#website\"},\"datePublished\":\"2022-05-06T19:50:29+00:00\",\"dateModified\":\"2024-01-14T10:16:39+00:00\",\"author\":{\"@id\":\"https:\/\/vmcom-knowledge.com.br\/intranet\/#\/schema\/person\/eda222d7491d80ca40a6acb32d4011ba\"},\"breadcrumb\":{\"@id\":\"https:\/\/vmcom-knowledge.com.br\/intranet\/smart-list-parestesia-e-lateralizacao-nervo-alveolar-inferior\/#breadcrumb\"},\"inLanguage\":\"pt-BR\",\"potentialAction\":[{\"@type\":\"ReadAction\",\"target\":[\"https:\/\/vmcom-knowledge.com.br\/intranet\/smart-list-parestesia-e-lateralizacao-nervo-alveolar-inferior\/\"]}]},{\"@type\":\"BreadcrumbList\",\"@id\":\"https:\/\/vmcom-knowledge.com.br\/intranet\/smart-list-parestesia-e-lateralizacao-nervo-alveolar-inferior\/#breadcrumb\",\"itemListElement\":[{\"@type\":\"ListItem\",\"position\":1,\"item\":{\"@type\":\"WebPage\",\"@id\":\"https:\/\/vmcom-knowledge.com.br\/intranet\/\",\"url\":\"https:\/\/vmcom-knowledge.com.br\/intranet\/\",\"name\":\"In\\u00edcio\"}},{\"@type\":\"ListItem\",\"position\":2,\"item\":{\"@type\":\"WebPage\",\"@id\":\"https:\/\/vmcom-knowledge.com.br\/intranet\/smart-list-parestesia-e-lateralizacao-nervo-alveolar-inferior\/\",\"url\":\"https:\/\/vmcom-knowledge.com.br\/intranet\/smart-list-parestesia-e-lateralizacao-nervo-alveolar-inferior\/\",\"name\":\"Smart list &#8211; Parestesia e lateraliza\\u00e7\\u00e3o &#8211; nervo alveolar inferior\"}}]},{\"@type\":\"Person\",\"@id\":\"https:\/\/vmcom-knowledge.com.br\/intranet\/#\/schema\/person\/eda222d7491d80ca40a6acb32d4011ba\",\"name\":\"Paulo\",\"image\":{\"@type\":\"ImageObject\",\"@id\":\"https:\/\/vmcom-knowledge.com.br\/intranet\/#personlogo\",\"inLanguage\":\"pt-BR\",\"url\":\"https:\/\/secure.gravatar.com\/avatar\/90d73d8a10232fe66ac0f6bcb1740c8b?s=96&d=mm&r=g\",\"caption\":\"Paulo\"}}]}<\/script>\n<!-- \/ Yoast SEO plugin. -->","_links":{"self":[{"href":"https:\/\/vmcom-knowledge.com.br\/intranet\/wp-json\/wp\/v2\/posts\/27390"}],"collection":[{"href":"https:\/\/vmcom-knowledge.com.br\/intranet\/wp-json\/wp\/v2\/posts"}],"about":[{"href":"https:\/\/vmcom-knowledge.com.br\/intranet\/wp-json\/wp\/v2\/types\/post"}],"author":[{"embeddable":true,"href":"https:\/\/vmcom-knowledge.com.br\/intranet\/wp-json\/wp\/v2\/users\/16"}],"replies":[{"embeddable":true,"href":"https:\/\/vmcom-knowledge.com.br\/intranet\/wp-json\/wp\/v2\/comments?post=27390"}],"version-history":[{"count":13,"href":"https:\/\/vmcom-knowledge.com.br\/intranet\/wp-json\/wp\/v2\/posts\/27390\/revisions"}],"predecessor-version":[{"id":42089,"href":"https:\/\/vmcom-knowledge.com.br\/intranet\/wp-json\/wp\/v2\/posts\/27390\/revisions\/42089"}],"wp:attachment":[{"href":"https:\/\/vmcom-knowledge.com.br\/intranet\/wp-json\/wp\/v2\/media?parent=27390"}],"wp:term":[{"taxonomy":"category","embeddable":true,"href":"https:\/\/vmcom-knowledge.com.br\/intranet\/wp-json\/wp\/v2\/categories?post=27390"},{"taxonomy":"post_tag","embeddable":true,"href":"https:\/\/vmcom-knowledge.com.br\/intranet\/wp-json\/wp\/v2\/tags?post=27390"}],"curies":[{"name":"wp","href":"https:\/\/api.w.org\/{rel}","templated":true}]}}