{"id":27027,"date":"2022-01-12T14:35:57","date_gmt":"2022-01-12T17:35:57","guid":{"rendered":"https:\/\/vmcom-knowledge.com.br\/intranet\/?p=27027"},"modified":"2022-11-17T12:48:55","modified_gmt":"2022-11-17T15:48:55","slug":"porque-tecnicos-em-protese-dentaria-tpds-precisam-dos-nossos-conteudos","status":"publish","type":"post","link":"https:\/\/vmcom-knowledge.com.br\/intranet\/porque-tecnicos-em-protese-dentaria-tpds-precisam-dos-nossos-conteudos\/","title":{"rendered":"Porque t\u00e9cnicos em pr\u00f3tese dent\u00e1ria (TPDs) precisam dos nossos conte\u00fados?"},"content":{"rendered":"\t\t<div data-elementor-type=\"wp-post\" data-elementor-id=\"27027\" class=\"elementor elementor-27027\" data-elementor-settings=\"[]\">\n\t\t\t\t\t\t<div class=\"elementor-inner\">\n\t\t\t\t\t\t\t<div class=\"elementor-section-wrap\">\n\t\t\t\t\t\t\t<section class=\"elementor-section elementor-top-section elementor-element elementor-element-68281a7 elementor-section-boxed elementor-section-height-default elementor-section-height-default\" data-id=\"68281a7\" data-element_type=\"section\">\n\t\t\t\t\t\t<div class=\"elementor-container elementor-column-gap-default\">\n\t\t\t\t\t\t\t<div class=\"elementor-row\">\n\t\t\t\t\t<div class=\"elementor-column elementor-col-100 elementor-top-column elementor-element elementor-element-4756cbd\" data-id=\"4756cbd\" data-element_type=\"column\">\n\t\t\t<div class=\"elementor-column-wrap elementor-element-populated\">\n\t\t\t\t\t\t\t<div class=\"elementor-widget-wrap\">\n\t\t\t\t\t\t<section class=\"elementor-section elementor-inner-section elementor-element elementor-element-d11549f elementor-section-boxed elementor-section-height-default elementor-section-height-default\" data-id=\"d11549f\" data-element_type=\"section\">\n\t\t\t\t\t\t<div class=\"elementor-container elementor-column-gap-default\">\n\t\t\t\t\t\t\t<div class=\"elementor-row\">\n\t\t\t\t\t<div class=\"elementor-column elementor-col-50 elementor-inner-column elementor-element elementor-element-42fa07a\" data-id=\"42fa07a\" data-element_type=\"column\">\n\t\t\t<div class=\"elementor-column-wrap elementor-element-populated\">\n\t\t\t\t\t\t\t<div class=\"elementor-widget-wrap\">\n\t\t\t\t\t\t<div class=\"elementor-element elementor-element-1a751ba elementor-widget elementor-widget-heading\" data-id=\"1a751ba\" data-element_type=\"widget\" data-widget_type=\"heading.default\">\n\t\t\t\t<div class=\"elementor-widget-container\">\n\t\t\t<h2 class=\"elementor-heading-title elementor-size-default\">Sou t\u00e9cnico, trabalho num laborat\u00f3rio de pr\u00f3tese dent\u00e1ria. Porque devo ler e ver os conte\u00fados da VM Cultural Ltda?<\/h2>\t\t<\/div>\n\t\t\t\t<\/div>\n\t\t\t\t<div class=\"elementor-element elementor-element-f5eaefd elementor-widget elementor-widget-text-editor\" data-id=\"f5eaefd\" data-element_type=\"widget\" data-widget_type=\"text-editor.default\">\n\t\t\t\t<div class=\"elementor-widget-container\">\n\t\t\t\t\t<div class=\"elementor-text-editor elementor-clearfix\"><h3>PORQUE n\u00f3s, da VM Cultural, percebemos que a pr\u00f3tese, em fun\u00e7\u00e3o das tecnologias inovadoras, estaria evoluindo muito como arte e ci\u00eancia, e novos conceitos seriam lan\u00e7ados. Como deixar voc\u00ea fora disso?<\/h3><\/div>\n\t\t\t\t<\/div>\n\t\t\t\t<\/div>\n\t\t\t\t<div class=\"elementor-element elementor-element-d08b0a1 elementor-widget elementor-widget-text-editor\" data-id=\"d08b0a1\" data-element_type=\"widget\" data-widget_type=\"text-editor.default\">\n\t\t\t\t<div class=\"elementor-widget-container\">\n\t\t\t\t\t<div class=\"elementor-text-editor elementor-clearfix\"><h3>PORQUE n\u00f3s, da VM Cultural, sabemos que o profissional TPD precisa n\u00e3o somente da parte t\u00e9cnica para conversar com um dentista, ele precisa de detalhes que apenas grandes profissionais cl\u00ednicos e t\u00e9cnicos podem passar, de forma simples e direta, poupando o seu tempo!<\/h3><\/div>\n\t\t\t\t<\/div>\n\t\t\t\t<\/div>\n\t\t\t\t<div class=\"elementor-element elementor-element-8ad316c elementor-widget elementor-widget-text-editor\" data-id=\"8ad316c\" data-element_type=\"widget\" data-widget_type=\"text-editor.default\">\n\t\t\t\t<div class=\"elementor-widget-container\">\n\t\t\t\t\t<div class=\"elementor-text-editor elementor-clearfix\"><h3>Porque somos pioneiros em apresentar conte\u00fados que aceleram o seu aprendizado, gerando mais satisfa\u00e7\u00e3o por parte dos seus clientes!<\/h3><h3>PORQUE fomos pioneiros em apresentar conte\u00fados que falam e se preocupam com voc\u00eas! Lembram da Pr\u00f3teseNews? Desde 2014, ela est\u00e1 dispon\u00edvel online! <a href=\"https:\/\/protesenews.com.br\/edicoes-anteriores\/\">https:\/\/protesenews.com.br\/edicoes-anteriores\/<\/a>\u00a0<\/h3><h3>Consulte este material valioso, e leia tamb\u00e9m nossos especiais<strong> em facetas cer\u00e2micas<\/strong> e <strong>planejamento 100% digital<\/strong>.<\/h3><\/div>\n\t\t\t\t<\/div>\n\t\t\t\t<\/div>\n\t\t\t\t<div class=\"elementor-element elementor-element-9b2a148 elementor-widget elementor-widget-text-editor\" data-id=\"9b2a148\" data-element_type=\"widget\" data-widget_type=\"text-editor.default\">\n\t\t\t\t<div class=\"elementor-widget-container\">\n\t\t\t\t\t<div class=\"elementor-text-editor elementor-clearfix\"><h3>PORQUE s\u00f3 a ImplantNews, uma de nossas revistas atuais, traz a reabilita\u00e7\u00e3o oral de A \u00e0 Z, que significa falar em todos os tipos de pr\u00f3tese. Nos dias de hoje, especialmente de <strong>pr\u00f3tese sobre implante<\/strong> e <strong>tecnologias digitais<\/strong>. Aqui, montamos um time de respeito, que p\u00f5e a m\u00e3o na massa e mostra resultados que podem ser reproduzidos por voc\u00ea, no seu laborat\u00f3rio! Assim, voc\u00ea segue os nossos colunistas: \u00a0Diego Klee de Vasconcelos, David Morita, Diogo Viegas, Eduardo Miyashita, Guilherme Saavedra, Renata Melo, Luis Calicchio. Eu garanto que voc\u00ea conhece a compet\u00eancia destas pessoas!<\/h3><\/div>\n\t\t\t\t<\/div>\n\t\t\t\t<\/div>\n\t\t\t\t<div class=\"elementor-element elementor-element-6e3c4d2 elementor-widget elementor-widget-text-editor\" data-id=\"6e3c4d2\" data-element_type=\"widget\" data-widget_type=\"text-editor.default\">\n\t\t\t\t<div class=\"elementor-widget-container\">\n\t\t\t\t\t<div class=\"elementor-text-editor elementor-clearfix\"><h3>PORQUE s\u00f3 aqui voc\u00ea confere o <strong>e-book especial<\/strong> do Prof. Bottino e equipe, trazendo os conceitos de pr\u00f3tese sobre implantes sendo muito valioso para os laborat\u00f3rios:<\/h3><h3>Cap. 1 \u2013 introdu\u00e7\u00e3o \u00e0 implantodontia<\/h3><h3>Cap. 2 \u2013 Componentes prot\u00e9ticos e suas indica\u00e7\u00f5es<\/h3><h3>Cap. 3 \u2013Reabertura prot\u00e9tica e perfil de emerg\u00eancia<\/h3><h3>Cap. 4 \u2013 Moldagem em Implantodontia<\/h3><h3>Cap. 5 \u2013 Rela\u00e7\u00f5es Maxilomandibulares e oclus\u00e3o<\/h3><h3>Cap. 6 \u2013 Prova, entrega e cuidados posteriores<\/h3><\/div>\n\t\t\t\t<\/div>\n\t\t\t\t<\/div>\n\t\t\t\t<div class=\"elementor-element elementor-element-9de126e elementor-widget elementor-widget-text-editor\" data-id=\"9de126e\" data-element_type=\"widget\" data-widget_type=\"text-editor.default\">\n\t\t\t\t<div class=\"elementor-widget-container\">\n\t\t\t\t\t<div class=\"elementor-text-editor elementor-clearfix\"><h3>PORQUE n\u00f3s, da VM Cultural, sabemos que o seu tempo de produ\u00e7\u00e3o conta muito! E para que voc\u00ea n\u00e3o perca nada, criamos tamb\u00e9m uma plataforma de v\u00eddeos, voltada aos conhecimentos t\u00e9cnicos em pr\u00f3tese dent\u00e1ria! Dentro do seu carro, no seu exerc\u00edcio di\u00e1rio, ou at\u00e9 mesmo no seu laborat\u00f3rio, \u00e9 s\u00f3 abrir o celular e escolher no <strong>MentorOdonto se voc\u00ea deseja uma entrevista (20-30 minutos ou videoaula (40-60 minutos), <\/strong>com a qualidade de som e luz que s\u00f3 a VM Cultural tem:<\/h3><\/div>\n\t\t\t\t<\/div>\n\t\t\t\t<\/div>\n\t\t\t\t\t\t<\/div>\n\t\t\t\t\t<\/div>\n\t\t<\/div>\n\t\t\t\t<div class=\"elementor-column elementor-col-50 elementor-inner-column elementor-element elementor-element-d59eaa8\" data-id=\"d59eaa8\" data-element_type=\"column\">\n\t\t\t<div class=\"elementor-column-wrap elementor-element-populated\">\n\t\t\t\t\t\t\t<div class=\"elementor-widget-wrap\">\n\t\t\t\t\t\t<div class=\"elementor-element elementor-element-d5539b9 elementor-widget elementor-widget-text-editor\" data-id=\"d5539b9\" data-element_type=\"widget\" data-widget_type=\"text-editor.default\">\n\t\t\t\t<div class=\"elementor-widget-container\">\n\t\t\t\t\t<div class=\"elementor-text-editor elementor-clearfix\"><h3><strong>Francesco Mintrone<\/strong> \u2013 Nesta entrevista, o italiano fala sobre Odontologia Digital, a import\u00e2ncia da tecnologia no dia a dia e traz informa\u00e7\u00f5es importantes para os especialistas.<\/h3><h3><strong>Markus Blatz<\/strong> \u2013 Nesta entrevista, o professor dos EUA debate a utiliza\u00e7\u00e3o dos materiais restauradores, suas caracter\u00edsticas e principais indica\u00e7\u00f5es, os pontos fortes e fracos de materiais, como as ligas met\u00e1licas de ouro, cer\u00e2mica e zirc\u00f4nia monol\u00edtica, al\u00e9m da import\u00e2ncia do protocolo de cimenta\u00e7\u00e3o.<\/h3><h3><strong>Vicenzo Mussella<\/strong> \u2013 Nesta entrevista, o italiano conta sua trajet\u00f3ria e debate conceitos importantes, como est\u00e9tica e fun\u00e7\u00e3o.<\/h3><h3><strong>Davi Troncoso<\/strong> \u2013 tudo sobre pr\u00f3teses odontol\u00f3gicas, pilares prot\u00e9ticos e a import\u00e2ncia da tecnologia na especialidade. O professor colombiano relata a chegada da Odontologia Digital, debatendo os custos e o retorno para os profissionais, assim como o envolvimento entre as pr\u00e1ticas anal\u00f3gica e digital.<\/h3><h3><strong>Orlando Alvarez<\/strong> \u2013 Entrevista &#8211; Refer\u00eancia na Odontologia do Chile, Orlando Alvarez debate a evolu\u00e7\u00e3o da Osseointegra\u00e7\u00e3o desde P-I Branemark, especialmente com a utiliza\u00e7\u00e3o da tecnologia digital na rotina cl\u00ednica. Ainda, o professor chileno projeta o futuro da Odontologia e aborda assuntos como cirurgia guiada, fluxo digital e escaneamento facial.<\/h3><\/div>\n\t\t\t\t<\/div>\n\t\t\t\t<\/div>\n\t\t\t\t<div class=\"elementor-element elementor-element-8a1eafa elementor-widget elementor-widget-text-editor\" data-id=\"8a1eafa\" data-element_type=\"widget\" data-widget_type=\"text-editor.default\">\n\t\t\t\t<div class=\"elementor-widget-container\">\n\t\t\t\t\t<div class=\"elementor-text-editor elementor-clearfix\"><h3><strong>Franco Malaguti<\/strong> &#8211; TiBase: uma nova op\u00e7\u00e3o para a pr\u00f3tese sobre implante (videoaula)<\/h3><h3><strong>Marcelo Calamita<\/strong> &#8211; Reabilita\u00e7\u00e3o Oral estrategicamente invasiva (videoaula)<\/h3><h3><strong>Dario Adolfi<\/strong> &#8211; Pr\u00f3tese: solu\u00e7\u00f5es unit\u00e1rias posteriores sobre implantes com pilares de zirc\u00f4nia. Uma abordagem cl\u00ednica e laboratorial (videoaula)\u00a0<\/h3><h3><strong>Daniel Hiramatsu<\/strong> &#8211; Cicatrizadores personalizados na reabilita\u00e7\u00e3o unit\u00e1ria de molares (videoaula)<\/h3><h3><strong>Daniel Hiramatsu<\/strong> &#8211; Protocolo de cimenta\u00e7\u00e3o para laminados cer\u00e2micos na regi\u00e3o anterior (videoaula)\u00a0<\/h3><h3><strong>Fabio Costa<\/strong> &#8211; Bibliotecas e implantes no CAD\/CAM (videoaula)<\/h3><h3><strong>Fabio Bezerra<\/strong> &#8211; Fluxo de trabalho digital em Implantodontia (videoaula)<\/h3><h3><strong>Fabio Bezerra<\/strong> &#8211; A Implantodontia digital: fic\u00e7\u00e3o ou realidade? (videoaula)<\/h3><h3><strong>Alfredo Mesquita<\/strong> &#8211; Reabilita\u00e7\u00f5es totais CAD\/CAM: zirc\u00f4nia, resina ou metalocer\u00e2mica (videoaula)<\/h3><h3><strong>Diego Zimermmann<\/strong> &#8211; Implantodontia Digital em \u00e1rea est\u00e9tica: do planejamento virtual \u00e0 reabilita\u00e7\u00e3o CAD\/CAM (videoaula)<\/h3><h3><strong>Gustavo Diniz Greco<\/strong> &#8211; Reabilita\u00e7\u00e3o oral de alta performance (videoaula)<\/h3><h3><strong>Guilherme Cabral<\/strong> &#8211; Desafios da Implantodontia restauradora (videoaula)<\/h3><h3><strong>Guilherme Saavedra<\/strong> &#8211; Os desafios da Odontologia moderna com CAD\/CAM (videoaula)<\/h3><h3><strong>Diego Klee<\/strong> &#8211; Resultados previs\u00edveis em desafios est\u00e9ticos com implantes (videoaula)<\/h3><\/div>\n\t\t\t\t<\/div>\n\t\t\t\t<\/div>\n\t\t\t\t\t\t<\/div>\n\t\t\t\t\t<\/div>\n\t\t<\/div>\n\t\t\t\t\t\t\t\t<\/div>\n\t\t\t\t\t<\/div>\n\t\t<\/section>\n\t\t\t\t\t\t<\/div>\n\t\t\t\t\t<\/div>\n\t\t<\/div>\n\t\t\t\t\t\t\t\t<\/div>\n\t\t\t\t\t<\/div>\n\t\t<\/section>\n\t\t\t\t\t\t<\/div>\n\t\t\t\t\t\t<\/div>\n\t\t\t\t\t<\/div>\n\t\t","protected":false},"excerpt":{"rendered":"<p>Sou t\u00e9cnico, trabalho num laborat\u00f3rio de pr\u00f3tese dent\u00e1ria. Porque devo ler e ver os conte\u00fados da VM Cultural Ltda? PORQUE n\u00f3s, da VM Cultural, percebemos que a pr\u00f3tese, em fun\u00e7\u00e3o das tecnologias inovadoras, estaria evoluindo muito como arte e ci\u00eancia, e novos conceitos seriam lan\u00e7ados. Como deixar voc\u00ea fora disso? PORQUE n\u00f3s, da VM Cultural, [&hellip;]<\/p>\n","protected":false},"author":16,"featured_media":0,"comment_status":"closed","ping_status":"closed","sticky":false,"template":"","format":"standard","meta":[],"categories":[184],"tags":[],"yoast_head":"<!-- This site is optimized with the Yoast SEO plugin v16.0.2 - https:\/\/yoast.com\/wordpress\/plugins\/seo\/ -->\n<title>Porque t\u00e9cnicos em pr\u00f3tese dent\u00e1ria (TPDs) precisam dos nossos conte\u00fados? - Intranet VMCom<\/title>\n<meta property=\"og:locale\" content=\"pt_BR\" \/>\n<meta property=\"og:type\" content=\"article\" \/>\n<meta property=\"og:title\" content=\"Porque t\u00e9cnicos em pr\u00f3tese dent\u00e1ria (TPDs) precisam dos nossos conte\u00fados? - Intranet VMCom\" \/>\n<meta property=\"og:description\" content=\"Sou t\u00e9cnico, trabalho num laborat\u00f3rio de pr\u00f3tese dent\u00e1ria. Porque devo ler e ver os conte\u00fados da VM Cultural Ltda? PORQUE n\u00f3s, da VM Cultural, percebemos que a pr\u00f3tese, em fun\u00e7\u00e3o das tecnologias inovadoras, estaria evoluindo muito como arte e ci\u00eancia, e novos conceitos seriam lan\u00e7ados. Como deixar voc\u00ea fora disso? PORQUE n\u00f3s, da VM Cultural, [&hellip;]\" \/>\n<meta property=\"og:url\" content=\"https:\/\/vmcom-knowledge.com.br\/intranet\/porque-tecnicos-em-protese-dentaria-tpds-precisam-dos-nossos-conteudos\/\" \/>\n<meta property=\"og:site_name\" content=\"Intranet VMCom\" \/>\n<meta property=\"article:published_time\" content=\"2022-01-12T17:35:57+00:00\" \/>\n<meta property=\"article:modified_time\" content=\"2022-11-17T15:48:55+00:00\" \/>\n<meta name=\"twitter:card\" content=\"summary_large_image\" \/>\n<meta name=\"twitter:label1\" content=\"Est. tempo de leitura\">\n\t<meta name=\"twitter:data1\" content=\"4 minutos\">\n<script type=\"application\/ld+json\" class=\"yoast-schema-graph\">{\"@context\":\"https:\/\/schema.org\",\"@graph\":[{\"@type\":\"WebSite\",\"@id\":\"https:\/\/vmcom-knowledge.com.br\/intranet\/#website\",\"url\":\"https:\/\/vmcom-knowledge.com.br\/intranet\/\",\"name\":\"Intranet VMCom\",\"description\":\"O seu canal de conhecimento\",\"potentialAction\":[{\"@type\":\"SearchAction\",\"target\":\"https:\/\/vmcom-knowledge.com.br\/intranet\/?s={search_term_string}\",\"query-input\":\"required name=search_term_string\"}],\"inLanguage\":\"pt-BR\"},{\"@type\":\"WebPage\",\"@id\":\"https:\/\/vmcom-knowledge.com.br\/intranet\/porque-tecnicos-em-protese-dentaria-tpds-precisam-dos-nossos-conteudos\/#webpage\",\"url\":\"https:\/\/vmcom-knowledge.com.br\/intranet\/porque-tecnicos-em-protese-dentaria-tpds-precisam-dos-nossos-conteudos\/\",\"name\":\"Porque t\\u00e9cnicos em pr\\u00f3tese dent\\u00e1ria (TPDs) precisam dos nossos conte\\u00fados? - Intranet VMCom\",\"isPartOf\":{\"@id\":\"https:\/\/vmcom-knowledge.com.br\/intranet\/#website\"},\"datePublished\":\"2022-01-12T17:35:57+00:00\",\"dateModified\":\"2022-11-17T15:48:55+00:00\",\"author\":{\"@id\":\"https:\/\/vmcom-knowledge.com.br\/intranet\/#\/schema\/person\/eda222d7491d80ca40a6acb32d4011ba\"},\"breadcrumb\":{\"@id\":\"https:\/\/vmcom-knowledge.com.br\/intranet\/porque-tecnicos-em-protese-dentaria-tpds-precisam-dos-nossos-conteudos\/#breadcrumb\"},\"inLanguage\":\"pt-BR\",\"potentialAction\":[{\"@type\":\"ReadAction\",\"target\":[\"https:\/\/vmcom-knowledge.com.br\/intranet\/porque-tecnicos-em-protese-dentaria-tpds-precisam-dos-nossos-conteudos\/\"]}]},{\"@type\":\"BreadcrumbList\",\"@id\":\"https:\/\/vmcom-knowledge.com.br\/intranet\/porque-tecnicos-em-protese-dentaria-tpds-precisam-dos-nossos-conteudos\/#breadcrumb\",\"itemListElement\":[{\"@type\":\"ListItem\",\"position\":1,\"item\":{\"@type\":\"WebPage\",\"@id\":\"https:\/\/vmcom-knowledge.com.br\/intranet\/\",\"url\":\"https:\/\/vmcom-knowledge.com.br\/intranet\/\",\"name\":\"In\\u00edcio\"}},{\"@type\":\"ListItem\",\"position\":2,\"item\":{\"@type\":\"WebPage\",\"@id\":\"https:\/\/vmcom-knowledge.com.br\/intranet\/porque-tecnicos-em-protese-dentaria-tpds-precisam-dos-nossos-conteudos\/\",\"url\":\"https:\/\/vmcom-knowledge.com.br\/intranet\/porque-tecnicos-em-protese-dentaria-tpds-precisam-dos-nossos-conteudos\/\",\"name\":\"Porque t\\u00e9cnicos em pr\\u00f3tese dent\\u00e1ria (TPDs) precisam dos nossos conte\\u00fados?\"}}]},{\"@type\":\"Person\",\"@id\":\"https:\/\/vmcom-knowledge.com.br\/intranet\/#\/schema\/person\/eda222d7491d80ca40a6acb32d4011ba\",\"name\":\"Paulo\",\"image\":{\"@type\":\"ImageObject\",\"@id\":\"https:\/\/vmcom-knowledge.com.br\/intranet\/#personlogo\",\"inLanguage\":\"pt-BR\",\"url\":\"https:\/\/secure.gravatar.com\/avatar\/90d73d8a10232fe66ac0f6bcb1740c8b?s=96&d=mm&r=g\",\"caption\":\"Paulo\"}}]}<\/script>\n<!-- \/ Yoast SEO plugin. -->","_links":{"self":[{"href":"https:\/\/vmcom-knowledge.com.br\/intranet\/wp-json\/wp\/v2\/posts\/27027"}],"collection":[{"href":"https:\/\/vmcom-knowledge.com.br\/intranet\/wp-json\/wp\/v2\/posts"}],"about":[{"href":"https:\/\/vmcom-knowledge.com.br\/intranet\/wp-json\/wp\/v2\/types\/post"}],"author":[{"embeddable":true,"href":"https:\/\/vmcom-knowledge.com.br\/intranet\/wp-json\/wp\/v2\/users\/16"}],"replies":[{"embeddable":true,"href":"https:\/\/vmcom-knowledge.com.br\/intranet\/wp-json\/wp\/v2\/comments?post=27027"}],"version-history":[{"count":17,"href":"https:\/\/vmcom-knowledge.com.br\/intranet\/wp-json\/wp\/v2\/posts\/27027\/revisions"}],"predecessor-version":[{"id":27074,"href":"https:\/\/vmcom-knowledge.com.br\/intranet\/wp-json\/wp\/v2\/posts\/27027\/revisions\/27074"}],"wp:attachment":[{"href":"https:\/\/vmcom-knowledge.com.br\/intranet\/wp-json\/wp\/v2\/media?parent=27027"}],"wp:term":[{"taxonomy":"category","embeddable":true,"href":"https:\/\/vmcom-knowledge.com.br\/intranet\/wp-json\/wp\/v2\/categories?post=27027"},{"taxonomy":"post_tag","embeddable":true,"href":"https:\/\/vmcom-knowledge.com.br\/intranet\/wp-json\/wp\/v2\/tags?post=27027"}],"curies":[{"name":"wp","href":"https:\/\/api.w.org\/{rel}","templated":true}]}}