{"id":11671,"date":"2021-02-25T05:38:00","date_gmt":"2021-02-25T08:38:00","guid":{"rendered":"https:\/\/vmcom-knowledge.com.br\/intranet\/?p=11671"},"modified":"2025-09-18T14:46:14","modified_gmt":"2025-09-18T17:46:14","slug":"mentorodonto-lista-de-professores-e-professoras","status":"publish","type":"post","link":"https:\/\/vmcom-knowledge.com.br\/intranet\/mentorodonto-lista-de-professores-e-professoras\/","title":{"rendered":"MentorOdonto &#8211; lista de professores e professoras"},"content":{"rendered":"\t\t<div data-elementor-type=\"wp-post\" data-elementor-id=\"11671\" class=\"elementor elementor-11671\" data-elementor-settings=\"[]\">\n\t\t\t\t\t\t<div class=\"elementor-inner\">\n\t\t\t\t\t\t\t<div class=\"elementor-section-wrap\">\n\t\t\t\t\t\t\t<section class=\"elementor-section elementor-top-section elementor-element elementor-element-110cc78 elementor-section-boxed elementor-section-height-default elementor-section-height-default\" data-id=\"110cc78\" data-element_type=\"section\">\n\t\t\t\t\t\t<div class=\"elementor-container elementor-column-gap-default\">\n\t\t\t\t\t\t\t<div class=\"elementor-row\">\n\t\t\t\t\t<div class=\"elementor-column elementor-col-100 elementor-top-column elementor-element elementor-element-54d3cc0\" data-id=\"54d3cc0\" data-element_type=\"column\" data-settings=\"{&quot;background_background&quot;:&quot;classic&quot;}\">\n\t\t\t<div class=\"elementor-column-wrap elementor-element-populated\">\n\t\t\t\t\t\t\t<div class=\"elementor-widget-wrap\">\n\t\t\t\t\t\t<div class=\"elementor-element elementor-element-9b38b5b elementor-widget elementor-widget-heading\" data-id=\"9b38b5b\" data-element_type=\"widget\" data-widget_type=\"heading.default\">\n\t\t\t\t<div class=\"elementor-widget-container\">\n\t\t\t<h2 class=\"elementor-heading-title elementor-size-default\">Veteranos consagrados e jovens talentos!<\/h2>\t\t<\/div>\n\t\t\t\t<\/div>\n\t\t\t\t<section class=\"elementor-section elementor-inner-section elementor-element elementor-element-96b23fb elementor-section-boxed elementor-section-height-default elementor-section-height-default\" data-id=\"96b23fb\" data-element_type=\"section\">\n\t\t\t\t\t\t<div class=\"elementor-container elementor-column-gap-default\">\n\t\t\t\t\t\t\t<div class=\"elementor-row\">\n\t\t\t\t\t<div class=\"elementor-column elementor-col-33 elementor-inner-column elementor-element elementor-element-18ac9e3\" data-id=\"18ac9e3\" data-element_type=\"column\">\n\t\t\t<div class=\"elementor-column-wrap elementor-element-populated\">\n\t\t\t\t\t\t\t<div class=\"elementor-widget-wrap\">\n\t\t\t\t\t\t<div class=\"elementor-element elementor-element-b39c227 elementor-widget elementor-widget-image\" data-id=\"b39c227\" data-element_type=\"widget\" data-widget_type=\"image.default\">\n\t\t\t\t<div class=\"elementor-widget-container\">\n\t\t\t\t\t<div class=\"elementor-image\">\n\t\t\t\t\t\t\t\t\t\t<img width=\"150\" height=\"91\" src=\"https:\/\/vmcom-knowledge.com.br\/intranet\/wp-content\/uploads\/2021\/03\/logotipo-novo-mentorodonto-150x91.png\" class=\"attachment-thumbnail size-thumbnail\" alt=\"\" loading=\"lazy\" srcset=\"https:\/\/vmcom-knowledge.com.br\/intranet\/wp-content\/uploads\/2021\/03\/logotipo-novo-mentorodonto-150x91.png 150w, https:\/\/vmcom-knowledge.com.br\/intranet\/wp-content\/uploads\/2021\/03\/logotipo-novo-mentorodonto-300x183.png 300w, https:\/\/vmcom-knowledge.com.br\/intranet\/wp-content\/uploads\/2021\/03\/logotipo-novo-mentorodonto-768x468.png 768w, https:\/\/vmcom-knowledge.com.br\/intranet\/wp-content\/uploads\/2021\/03\/logotipo-novo-mentorodonto.png 876w\" sizes=\"(max-width: 150px) 100vw, 150px\" \/>\t\t\t\t\t\t\t\t\t\t\t<\/div>\n\t\t\t\t<\/div>\n\t\t\t\t<\/div>\n\t\t\t\t\t\t<\/div>\n\t\t\t\t\t<\/div>\n\t\t<\/div>\n\t\t\t\t<div class=\"elementor-column elementor-col-33 elementor-inner-column elementor-element elementor-element-8c77993\" data-id=\"8c77993\" data-element_type=\"column\" data-settings=\"{&quot;background_background&quot;:&quot;classic&quot;}\">\n\t\t\t<div class=\"elementor-column-wrap\">\n\t\t\t\t\t\t\t<div class=\"elementor-widget-wrap\">\n\t\t\t\t\t\t\t\t<\/div>\n\t\t\t\t\t<\/div>\n\t\t<\/div>\n\t\t\t\t<div class=\"elementor-column elementor-col-33 elementor-inner-column elementor-element elementor-element-9015606\" data-id=\"9015606\" data-element_type=\"column\">\n\t\t\t<div class=\"elementor-column-wrap elementor-element-populated\">\n\t\t\t\t\t\t\t<div class=\"elementor-widget-wrap\">\n\t\t\t\t\t\t<div class=\"elementor-element elementor-element-2a5616f elementor-widget elementor-widget-image\" data-id=\"2a5616f\" data-element_type=\"widget\" data-widget_type=\"image.default\">\n\t\t\t\t<div class=\"elementor-widget-container\">\n\t\t\t\t\t<div class=\"elementor-image\">\n\t\t\t\t\t\t\t\t\t\t<img width=\"150\" height=\"91\" src=\"https:\/\/vmcom-knowledge.com.br\/intranet\/wp-content\/uploads\/2021\/03\/logotipo-novo-mentorodonto-150x91.png\" class=\"attachment-thumbnail size-thumbnail\" alt=\"\" loading=\"lazy\" srcset=\"https:\/\/vmcom-knowledge.com.br\/intranet\/wp-content\/uploads\/2021\/03\/logotipo-novo-mentorodonto-150x91.png 150w, https:\/\/vmcom-knowledge.com.br\/intranet\/wp-content\/uploads\/2021\/03\/logotipo-novo-mentorodonto-300x183.png 300w, https:\/\/vmcom-knowledge.com.br\/intranet\/wp-content\/uploads\/2021\/03\/logotipo-novo-mentorodonto-768x468.png 768w, https:\/\/vmcom-knowledge.com.br\/intranet\/wp-content\/uploads\/2021\/03\/logotipo-novo-mentorodonto.png 876w\" sizes=\"(max-width: 150px) 100vw, 150px\" \/>\t\t\t\t\t\t\t\t\t\t\t<\/div>\n\t\t\t\t<\/div>\n\t\t\t\t<\/div>\n\t\t\t\t\t\t<\/div>\n\t\t\t\t\t<\/div>\n\t\t<\/div>\n\t\t\t\t\t\t\t\t<\/div>\n\t\t\t\t\t<\/div>\n\t\t<\/section>\n\t\t\t\t<section class=\"elementor-section elementor-inner-section elementor-element elementor-element-a11a4bc elementor-section-boxed elementor-section-height-default elementor-section-height-default\" data-id=\"a11a4bc\" data-element_type=\"section\">\n\t\t\t\t\t\t<div class=\"elementor-container elementor-column-gap-default\">\n\t\t\t\t\t\t\t<div class=\"elementor-row\">\n\t\t\t\t\t<div class=\"elementor-column elementor-col-33 elementor-inner-column elementor-element elementor-element-9e53f4d\" data-id=\"9e53f4d\" data-element_type=\"column\">\n\t\t\t<div class=\"elementor-column-wrap elementor-element-populated\">\n\t\t\t\t\t\t\t<div class=\"elementor-widget-wrap\">\n\t\t\t\t\t\t<div class=\"elementor-element elementor-element-99d7ec0 elementor-widget elementor-widget-heading\" data-id=\"99d7ec0\" data-element_type=\"widget\" data-widget_type=\"heading.default\">\n\t\t\t\t<div class=\"elementor-widget-container\">\n\t\t\t<h2 class=\"elementor-heading-title elementor-size-default\">Implante e Pr\u00f3tese Dent\u00e1ria<\/h2>\t\t<\/div>\n\t\t\t\t<\/div>\n\t\t\t\t<div class=\"elementor-element elementor-element-de3ed8e elementor-widget elementor-widget-heading\" data-id=\"de3ed8e\" data-element_type=\"widget\" data-widget_type=\"heading.default\">\n\t\t\t\t<div class=\"elementor-widget-container\">\n\t\t\t<h2 class=\"elementor-heading-title elementor-size-default\"><a href=\"https:\/\/vmcom-knowledge.com.br\/intranet\/produtos-digitais-por-areas-biomecanica-nas-proteses-e-complicacoes\/\" target=\"_blank\">Biomec\u00e2nica e complica\u00e7\u00f5es<\/a><\/h2>\t\t<\/div>\n\t\t\t\t<\/div>\n\t\t\t\t<div class=\"elementor-element elementor-element-2689a3f elementor-widget elementor-widget-text-editor\" data-id=\"2689a3f\" data-element_type=\"widget\" data-widget_type=\"text-editor.default\">\n\t\t\t\t<div class=\"elementor-widget-container\">\n\t\t\t\t\t<div class=\"elementor-text-editor elementor-clearfix\"><ul><li><strong><a href=\"https:\/\/mentorworldtour.com.br\/desafios-da-implantodontia-restauradora-guilherme-cabral\/\" target=\"_blank\" rel=\"noopener\">Roberto Cruz<\/a>\u00a0<\/strong><\/li><li><strong><a href=\"https:\/\/mentorodonto.com.br\/os-dez-mais-frequentes-erros-da-implantodontia-e-como-corrigi-los-jose-cavalcanti\/\" target=\"_blank\" rel=\"noopener\">Jos\u00e9 Cavalcanti<\/a>\u00a0<\/strong><\/li><li><strong><a href=\"https:\/\/mentorodonto.com.br\/existe-previsibilidade-nas-restauracoes-esteticas-sobre-implantes-bruno-fusaro\/\" target=\"_blank\" rel=\"noopener\">Bruno Fusaro<\/a><\/strong><\/li><li><strong><a href=\"https:\/\/mentorodonto.com.br\/tibase-uma-nova-opcao-para-a-protese-sobre-implante-franco-mallaguti\/\" target=\"_blank\" rel=\"noopener\">Franco Malagutti<\/a>\u00a0<\/strong><\/li><li><strong><a href=\"https:\/\/mentorodonto.com.br\/implantes-em-pacientes-com-habitos-parafuncionais-o-que-sabemos-ivete-sartori\/\" target=\"_blank\" rel=\"noopener\">Ivete Sartori<\/a>\u00a0<\/strong><\/li><li><strong><a href=\"https:\/\/mentorodonto.com.br\/proteses-parafusadas-e-cimentadas-quando-e-onde-utiliza-las-wellington-bonachela\/\" target=\"_blank\" rel=\"noopener\">Wellington Bonachela<\/a>\u00a0<\/strong><\/li><li><strong><a href=\"https:\/\/mentorodonto.com.br\/planejando-o-fracasso-intercorrencia-e-solucoes-marcelo-abla-2\/\" target=\"_blank\" rel=\"noopener\">Marcelo Abla<\/a>\u00a0<\/strong><\/li><li><strong><a href=\"https:\/\/mentorodonto.com.br\/falhas-na-implantodontia-como-evita-las-luiz-fernando-martins-andre\/\" target=\"_blank\" rel=\"noopener\">Luiz Fernando Martins Andr\u00e9<\/a>\u00a0<\/strong><\/li><li><strong><a href=\"https:\/\/mentorodonto.com.br\/observacao-de-conceitos-biologicos-para-longevidade-das-reabilitacoes-ricardo-ciantelli\/\" target=\"_blank\" rel=\"noopener\">Ricardo Ciantelli<\/a>\u00a0<\/strong><\/li><li><strong><a href=\"https:\/\/mentorodonto.com.br\/recursos-para-minimizar-a-fratura-dos-dentes-ou-da-infraestrutura-em-proteses-totais-fixas-implantossuportadas-sergio-jayme\/\" target=\"_blank\" rel=\"noopener\">S\u00e9rgio Jayme<\/a>\u00a0<\/strong><\/li><li><strong><a href=\"https:\/\/mentorodonto.com.br\/planejamento-e-execucao-voce-sabe-quais-sao-seus-erros-flavio-monteiro-amado\/\" target=\"_blank\" rel=\"noopener\">Fl\u00e1vio Monteiro Amado<\/a>\u00a0<\/strong><\/li><li><strong><a href=\"https:\/\/mentorodonto.com.br\/entrevista-laerte-schenkel\/\" target=\"_blank\" rel=\"noopener\">Laerte Schenkel<\/a>\u00a0<\/strong><\/li><li><strong><a href=\"https:\/\/mentorodonto.com.br\/entrevista-internacional-gustavo-vernazza\/\" target=\"_blank\" rel=\"noopener\">Gustavo Vernazza<\/a>\u00a0<\/strong><\/li><li><strong><a href=\"https:\/\/mentorodonto.com.br\/entrevista-internacional-german-gallucci\/\" target=\"_blank\" rel=\"noopener\">German Gallucci<\/a>\u00a0<\/strong><\/li><li><strong><a href=\"https:\/\/mentorodonto.com.br\/entrevista-internacional-francesco-mintrone\/\" target=\"_blank\" rel=\"noopener\">Francesco Mintrone<\/a>\u00a0<\/strong><\/li><li><strong><a href=\"https:\/\/mentorodonto.com.br\/entrevista-internacional-vincenzo-musella\/\" target=\"_blank\" rel=\"noopener\">Vincenzo Musella<\/a>\u00a0<\/strong><\/li><li><strong><a href=\"https:\/\/mentorodonto.com.br\/entrevista-internacional-david-troncoso\/\" target=\"_blank\" rel=\"noopener\">David Troncoso<\/a>\u00a0<\/strong><\/li><li><strong><a href=\"https:\/\/mentorodonto.com.br\/entrevista-internacional-orlando-alvarez\/\" target=\"_blank\" rel=\"noopener\">Orlando Alvarez<\/a>\u00a0<\/strong><\/li><li><strong><a href=\"https:\/\/mentorodonto.com.br\/implantes-imediatos-unitarios-de-largo-diametro-nas-regioes-de-molares-eduardo-jose-moraes\/\" target=\"_blank\" rel=\"noopener\">Eduardo Jose de Moraes<\/a><\/strong><\/li><\/ul><\/div>\n\t\t\t\t<\/div>\n\t\t\t\t<\/div>\n\t\t\t\t<div class=\"elementor-element elementor-element-a6a41bd elementor-widget elementor-widget-heading\" data-id=\"a6a41bd\" data-element_type=\"widget\" data-widget_type=\"heading.default\">\n\t\t\t\t<div class=\"elementor-widget-container\">\n\t\t\t<h2 class=\"elementor-heading-title elementor-size-default\"><a href=\"https:\/\/vmcom-knowledge.com.br\/intranet\/produtos-digitais-por-areas-ceramicas-facetas-porcelanas-laminados\/\" target=\"_blank\">Cer\u00e2micas, facetas, porcelanas, laminados<\/a><\/h2>\t\t<\/div>\n\t\t\t\t<\/div>\n\t\t\t\t<div class=\"elementor-element elementor-element-cbc7424 elementor-widget elementor-widget-text-editor\" data-id=\"cbc7424\" data-element_type=\"widget\" data-widget_type=\"text-editor.default\">\n\t\t\t\t<div class=\"elementor-widget-container\">\n\t\t\t\t\t<div class=\"elementor-text-editor elementor-clearfix\"><ul><li style=\"text-align: left;\"><strong><a href=\"https:\/\/mentorodonto.com.br\/restauracoes-ceramicas-em-dentes-anteriores-sobre-implantes-e-dentes-karin-egger\/\">Karin Egger<\/a>\u00a0<\/strong><\/li><li style=\"text-align: left;\"><strong><a href=\"https:\/\/mentorodonto.com.br\/conferencia-de-frederico-vasconcelos\/\">Frederico Vasconcellos<\/a><\/strong><\/li><li style=\"text-align: left;\"><strong><a href=\"https:\/\/mentorodonto.com.br\/protese-solucoes-unitarias-posteriores-sobre-implantes-com-pilares-de-zirconia-uma-abordagem-clinica-e-laboratorial-dario-adolfi\/\">Dario Adolfi<\/a>\u00a0<\/strong><\/li><li style=\"text-align: left;\"><strong><a href=\"https:\/\/mentorodonto.com.br\/cicatrizadores-personalizados-na-reabilitacao-unitaria-de-molares-daniel-hiramatsu\/\">Daniel Hiramatsu<\/a>\u00a0<\/strong><\/li><li style=\"text-align: left;\"><strong><a href=\"https:\/\/mentorodonto.com.br\/protocolo-de-cimentacao-para-laminados-ceramicos-na-regiao-anterior-daniel-hiramatsu\/\">Daniel Hiramatsu<\/a>\u00a0<\/strong><\/li><li style=\"text-align: left;\"><strong><a href=\"https:\/\/mentorodonto.com.br\/reabilitacao-oral-estrategicamente-invasiva-marcelo-calamita\/\">Marcelo Calamita<\/a><\/strong><\/li><li style=\"text-align: left;\"><strong><a href=\"https:\/\/mentorodonto.com.br\/entrevista-ivete-sartori\/\">Ivete Sartori<\/a>\u00a0<\/strong><\/li><li style=\"text-align: left;\"><strong><a href=\"https:\/\/mentorodonto.com.br\/entrevista-internacional-markus-blatz\/\">Markus Blatz<\/a>\u00a0<\/strong><\/li><li style=\"text-align: left;\"><strong><a href=\"https:\/\/mentorodonto.com.br\/entrevista-marcelo-calamita-e-jose-carlos-garofalo\/\">Marcelo Calamita<\/a>\u00a0<\/strong><\/li><li style=\"text-align: left;\"><strong><a href=\"https:\/\/mentorodonto.com.br\/entrevista-sidney-kina\/\">Sidnei Kina<\/a>\u00a0<\/strong><\/li><li style=\"text-align: left;\"><strong><a href=\"https:\/\/mentorodonto.com.br\/entrevista-internacional-gerard-chiche\/\">Gerard Chiche<\/a>\u00a0<\/strong><\/li><li style=\"text-align: left;\"><strong><a href=\"https:\/\/mentorodonto.com.br\/recobrimentos-ceramicos-para-pilares-de-zirconia-como-escolher-franco-mallaguti\/\">Franco Mallaguti<\/a>\u00a0<\/strong><\/li><\/ul><\/div>\n\t\t\t\t<\/div>\n\t\t\t\t<\/div>\n\t\t\t\t<div class=\"elementor-element elementor-element-8d96f11 elementor-widget elementor-widget-heading\" data-id=\"8d96f11\" data-element_type=\"widget\" data-widget_type=\"heading.default\">\n\t\t\t\t<div class=\"elementor-widget-container\">\n\t\t\t<h2 class=\"elementor-heading-title elementor-size-default\"><a href=\"https:\/\/vmcom-knowledge.com.br\/intranet\/produtos-digitais-por-areas-cirurgia-guiada-e-protese-digital-cad-cam\/\" target=\"_blank\">Cirurgia Guiada e Pr\u00f3tese CAD\/CAM<\/a><\/h2>\t\t<\/div>\n\t\t\t\t<\/div>\n\t\t\t\t<div class=\"elementor-element elementor-element-7dacb05 elementor-widget elementor-widget-text-editor\" data-id=\"7dacb05\" data-element_type=\"widget\" data-widget_type=\"text-editor.default\">\n\t\t\t\t<div class=\"elementor-widget-container\">\n\t\t\t\t\t<div class=\"elementor-text-editor elementor-clearfix\"><ul><li style=\"text-align: left;\"><strong><a href=\"https:\/\/mentorodonto.com.br\/cirurgias-guiadas-na-implantodontia-jose-cicero-dinato\/\">Jos\u00e9 C\u00edcero Dinato<\/a>\u00a0<\/strong><\/li><li style=\"text-align: left;\"><strong><a href=\"https:\/\/mentorodonto.com.br\/perfil-profissional-mario-groisman\/\">Mario\u00a0 Groisman<\/a>\u00a0 \u00a0 \u00a0\u00a0<\/strong><\/li><li style=\"text-align: left;\"><strong><a href=\"https:\/\/mentorodonto.com.br\/planejamento-virtual-cirurgia-guiada-e-cad-cam-jose-cicero-dinato\/\">Jos\u00e9 Cicero Dinato<\/a>\u00a0<\/strong><\/li><li style=\"text-align: left;\"><strong><a href=\"https:\/\/mentorodonto.com.br\/tecnologia-cad-na-protese-dentaria-fabio-costa\/\">F\u00e1bio Costa<\/a> <\/strong><\/li><li style=\"text-align: left;\"><strong><a href=\"https:\/\/mentorodonto.com.br\/entrevista-internacional-hugo-de-bruyn\/\">Hugo de Bruyn<\/a>\u00a0<\/strong><\/li><li style=\"text-align: left;\"><strong><a href=\"https:\/\/mentorodonto.com.br\/entrevista-internacional-sergio-gotta\/\">Sergio Gotta<\/a>\u00a0<\/strong><\/li><li style=\"text-align: left;\"><strong><a href=\"https:\/\/mentorodonto.com.br\/fluxo-de-trabalho-digital-em-implantodontia-fabio-bezerra\/\">F\u00e1bio Bezerra<\/a>\u00a0<\/strong><\/li><li style=\"text-align: left;\"><strong><a href=\"https:\/\/mentorodonto.com.br\/a-implantodontia-digital-ficcao-ou-realidade-fabio-bezerra\/\">F\u00e1bio Bezerra<\/a>\u00a0<\/strong><\/li><li style=\"text-align: left;\"><strong><a href=\"https:\/\/mentorodonto.com.br\/os-desafios-da-odontologia-moderna-com-cad-cam-guilherme-saavedra\/\">Guilherme Saavedra<\/a>\u00a0<\/strong><\/li><li style=\"text-align: left;\"><strong><a href=\"https:\/\/mentorodonto.com.br\/fluxo-de-trabalho-digital-aplicado-a-realidade-de-uma-clinica-de-implantodontia-sergio-bernardes\/\">Sergio Bernardes<\/a>\u00a0<\/strong><\/li><li style=\"text-align: left;\"><strong><a href=\"https:\/\/mentorodonto.com.br\/planejamento-virtual-cirurgia-guiada-e-cad-cam-o-futuro-presente-em-seu-consultorio\/\">Jos\u00e9 Cicero Dinato<\/a>\u00a0<\/strong><\/li><li style=\"text-align: left;\"><strong><a href=\"https:\/\/mentorodonto.com.br\/cirurgia-virtual-guiada-saiba-por-que-voce-deve-conhece-la-ronaldo-silva\/\">Ronaldo Silva<\/a>\u00a0<\/strong><\/li><li style=\"text-align: left;\"><strong><a href=\"https:\/\/mentorodonto.com.br\/reabilitacoes-totais-cad-cam-zirconia-resina-ou-metaloceramica-alfredo-mikail-mesquita\/\">Alfredo Mesquita<\/a>\u00a0<\/strong><\/li><li style=\"text-align: left;\"><strong><a href=\"https:\/\/mentorodonto.com.br\/cirurgia-guiada-na-extracao-e-colocacao-de-implantes-edilson-ferreira\/\">Edilson Ferreira<\/a>\u00a0<\/strong><\/li><li style=\"text-align: left;\"><strong><a href=\"https:\/\/mentorodonto.com.br\/previsibilidade-da-cirurgia-guiada-no-edentulismo-maxilar-eduardo-ayub\/\">Eduardo Ayub<\/a>\u00a0<\/strong><\/li><li style=\"text-align: left;\"><strong><a href=\"https:\/\/mentorodonto.com.br\/fluxo-de-trabalho-na-odontologia-digital-eduardo-oliva\/\">Eduardo Oliva<\/a>\u00a0<\/strong><\/li><li style=\"text-align: left;\"><strong><a href=\"https:\/\/mentorodonto.com.br\/implantodontia-digital-em-area-estetica-do-planejamento-virtual-a-reabilitacao-cad-cam-diego-zimmermann\/\">Diego Zimmermann<\/a>\u00a0<\/strong><\/li><li style=\"text-align: left;\"><strong><a href=\"https:\/\/mentorodonto.com.br\/entrevista-internacional-miguel-fraga-gomes\/\">Miguel Fraga Gomes<\/a>\u00a0<\/strong><\/li><li style=\"text-align: left;\"><strong><a href=\"https:\/\/mentorodonto.com.br\/odontologia-digital-uma-ajuda-em-implantologia-e-nao-so-miguel-fraga-gomes\/\">Miguel Fraga Gomes<\/a>\u00a0<\/strong><\/li><li style=\"text-align: left;\"><strong><a href=\"https:\/\/mentorodonto.com.br\/implantodontia-digital-do-planejamento-ao-resultado-final-alfredo-mikail-mesquita\/\">Alfredo Mikail Mesquita<\/a>\u00a0<\/strong><\/li><li style=\"text-align: left;\"><strong><a href=\"https:\/\/mentorodonto.com.br\/cirurgia-guiada-o-diferencial-na-resolucao-de-dificuldades-clinicas-elisa-sartori\/\">Elisa Sartori<\/a>\u00a0<\/strong><\/li><li style=\"text-align: left;\"><strong><a href=\"https:\/\/mentorodonto.com.br\/bibliotecas-e-implantes-no-cad-cam-fabio-costa\/\">Fabio Costa<\/a>\u00a0<\/strong><\/li><li style=\"text-align: left;\"><strong><a href=\"https:\/\/mentorodonto.com.br\/zona-estetica-reconstrucoes-e-reabilitacoes-na-odontologia-digital-mauricio-barreto\/\">Maur\u00edcio Barreto<\/a>\u00a0<\/strong><\/li><\/ul><\/div>\n\t\t\t\t<\/div>\n\t\t\t\t<\/div>\n\t\t\t\t<div class=\"elementor-element elementor-element-32959d4 elementor-widget elementor-widget-heading\" data-id=\"32959d4\" data-element_type=\"widget\" data-widget_type=\"heading.default\">\n\t\t\t\t<div class=\"elementor-widget-container\">\n\t\t\t<h2 class=\"elementor-heading-title elementor-size-default\"><a href=\"https:\/\/vmcom-knowledge.com.br\/intranet\/assinantes-pacote-mentor-implante-protese-reabilitacao-oral-extensa\/\" target=\"_blank\">Reabilita\u00e7\u00e3o Oral extensa<\/a><\/h2>\t\t<\/div>\n\t\t\t\t<\/div>\n\t\t\t\t<div class=\"elementor-element elementor-element-37394f6 elementor-widget elementor-widget-text-editor\" data-id=\"37394f6\" data-element_type=\"widget\" data-widget_type=\"text-editor.default\">\n\t\t\t\t<div class=\"elementor-widget-container\">\n\t\t\t\t\t<div class=\"elementor-text-editor elementor-clearfix\"><ul><li style=\"text-align: left;\"><strong><a href=\"https:\/\/mentorodonto.com.br\/implantes-individuais-em-maxila-edentula-desafios-na-reconstrucao-de-uma-terceira-denticao-francis-lima\/\">Francis Lima<\/a><\/strong><\/li><li style=\"text-align: left;\"><strong><a href=\"https:\/\/mentorodonto.com.br\/desafios-da-implantodontia-restauradora-guilherme-cabral-2\/\">Guilherme Cabral<\/a>\u00a0<\/strong><\/li><li style=\"text-align: left;\"><strong><a href=\"https:\/\/mentorodonto.com.br\/reabilitacao-oral-no-contexto-da-implantodontia-sebastiao-ribeiro\/\">Sebastiao Ribeiro<\/a><\/strong><\/li><li style=\"text-align: left;\"><strong><a href=\"https:\/\/mentorodonto.com.br\/odontologia-multidisciplinar-e-manipulacao-tecidual-para-obtencao-de-estetica-nas-reabilitacoes-orais-sobre-implantes-luiz-borelli\/\">Luis Borelli<\/a><\/strong><\/li><li style=\"text-align: left;\"><strong><a href=\"https:\/\/mentorodonto.com.br\/sequencia-operacional-em-reabilitacao-oral-e-implantodontia-ricardo-moreno-bonilha\/\">Ricardo Bonilha<\/a><\/strong><\/li><li style=\"text-align: left;\"><strong><a href=\"https:\/\/mentorodonto.com.br\/reabilitacoes-orais-com-proteses-sobre-implantes-abordagem-multidisciplinar-e-recursos-digitais\/\">Renata Faria<\/a><\/strong><\/li><li style=\"text-align: left;\"><strong><a href=\"https:\/\/mentorodonto.com.br\/situacoes-complexas-em-implantodontia-rafael-manfro\/\">Rafael Manfro<\/a><\/strong><\/li><li style=\"text-align: left;\"><strong><a href=\"https:\/\/mentorodonto.com.br\/reabilitacao-oral-de-alta-performance-gustavo-greco\/\">Gustavo Diniz Grego<\/a><\/strong><\/li><li style=\"text-align: left;\"><strong><a href=\"https:\/\/mentorodonto.com.br\/vantagens-de-ser-um-implantodontista-em-2019-nilton-de-bortoli-jr\/\">Nilton De Bortoli<\/a>\u00a0<\/strong><\/li><li style=\"text-align: left;\"><strong><a href=\"https:\/\/mentorodonto.com.br\/dicas-tecnicas-nas-reabilitacoes-all-on-four-carlo-trivoli\/\">Carlo Trivoli<\/a>\u00a0 <\/strong><\/li><\/ul><\/div>\n\t\t\t\t<\/div>\n\t\t\t\t<\/div>\n\t\t\t\t<div class=\"elementor-element elementor-element-4164cbe elementor-widget elementor-widget-spacer\" data-id=\"4164cbe\" data-element_type=\"widget\" data-widget_type=\"spacer.default\">\n\t\t\t\t<div class=\"elementor-widget-container\">\n\t\t\t\t\t<div class=\"elementor-spacer\">\n\t\t\t<div class=\"elementor-spacer-inner\"><\/div>\n\t\t<\/div>\n\t\t\t\t<\/div>\n\t\t\t\t<\/div>\n\t\t\t\t<div class=\"elementor-element elementor-element-462d17b elementor-widget elementor-widget-image\" data-id=\"462d17b\" data-element_type=\"widget\" data-widget_type=\"image.default\">\n\t\t\t\t<div class=\"elementor-widget-container\">\n\t\t\t\t\t<div class=\"elementor-image\">\n\t\t\t\t\t\t\t\t\t\t<img width=\"150\" height=\"91\" src=\"https:\/\/vmcom-knowledge.com.br\/intranet\/wp-content\/uploads\/2021\/03\/logotipo-novo-mentorodonto-150x91.png\" class=\"attachment-thumbnail size-thumbnail\" alt=\"\" loading=\"lazy\" srcset=\"https:\/\/vmcom-knowledge.com.br\/intranet\/wp-content\/uploads\/2021\/03\/logotipo-novo-mentorodonto-150x91.png 150w, https:\/\/vmcom-knowledge.com.br\/intranet\/wp-content\/uploads\/2021\/03\/logotipo-novo-mentorodonto-300x183.png 300w, https:\/\/vmcom-knowledge.com.br\/intranet\/wp-content\/uploads\/2021\/03\/logotipo-novo-mentorodonto-768x468.png 768w, https:\/\/vmcom-knowledge.com.br\/intranet\/wp-content\/uploads\/2021\/03\/logotipo-novo-mentorodonto.png 876w\" sizes=\"(max-width: 150px) 100vw, 150px\" \/>\t\t\t\t\t\t\t\t\t\t\t<\/div>\n\t\t\t\t<\/div>\n\t\t\t\t<\/div>\n\t\t\t\t<div class=\"elementor-element elementor-element-7313f54 elementor-widget elementor-widget-heading\" data-id=\"7313f54\" data-element_type=\"widget\" data-widget_type=\"heading.default\">\n\t\t\t\t<div class=\"elementor-widget-container\">\n\t\t\t<h2 class=\"elementor-heading-title elementor-size-default\"><a href=\"https:\/\/vmcom-knowledge.com.br\/intranet\/mentorodonto-hof\/\" target=\"_blank\">Harmoniza\u00e7\u00e3o Orofacial<\/a><\/h2>\t\t<\/div>\n\t\t\t\t<\/div>\n\t\t\t\t<div class=\"elementor-element elementor-element-02e94de elementor-widget elementor-widget-text-editor\" data-id=\"02e94de\" data-element_type=\"widget\" data-widget_type=\"text-editor.default\">\n\t\t\t\t<div class=\"elementor-widget-container\">\n\t\t\t\t\t<div class=\"elementor-text-editor elementor-clearfix\"><ul><li style=\"text-align: left;\"><strong><a href=\"https:\/\/mentorodonto.com.br\/fotobiomodulacao-em-hof-mitos-e-verdades-hermes-pretel\/\">Hermes Pretel<\/a><\/strong><\/li><li style=\"text-align: left;\"><strong><a href=\"https:\/\/mentorodonto.com.br\/entrevista-internacional-bruno-pereira\/\">Bruno Pereira<\/a><\/strong><\/li><li style=\"text-align: left;\"><strong><a href=\"https:\/\/mentorodonto.com.br\/entrevista-altamiro-flavio\/\">Altamiro Fl\u00e1vio<\/a><\/strong><\/li><li style=\"text-align: left;\"><strong><a href=\"https:\/\/mentorodonto.com.br\/o-beneficio-do-sculptra-em-relacao-aos-outros-bioestimuladores-faciais-flavio-luposeli\/\">Flavio Luposeli<\/a><\/strong><\/li><li style=\"text-align: left;\"><strong><a href=\"https:\/\/mentorodonto.com.br\/entrevista-maristela-lobo\/\">Maristela Lobo<\/a><\/strong><\/li><li style=\"text-align: left;\"><strong><a href=\"https:\/\/mentorodonto.com.br\/entrevista-hermes-pretel\/\">Hermes Pretel<\/a><\/strong><\/li><li style=\"text-align: left;\"><strong><a href=\"https:\/\/mentorodonto.com.br\/entrevista-maria-geovania-ferreira\/\">Maria Geovania Gouveia<\/a><\/strong><\/li><li style=\"text-align: left;\"><strong><a href=\"https:\/\/mentorodonto.com.br\/odontologia-baseada-em-evidencias-x-legislacao-aplicada-a-odontologia-renerson-gomes\/\" data-wplink-edit=\"true\">Renerson Gomes<\/a><\/strong><\/li><li style=\"text-align: left;\"><strong><a href=\"https:\/\/mentorodonto.com.br\/entrevista-jose-peixoto-ferrao-jr\/\">Jose Peixoto Ferr\u00e3o Jr<\/a><\/strong><\/li><li style=\"text-align: left;\"><strong><a href=\"https:\/\/mentorodonto.com.br\/entrevista-victor-rogerio\/\">Victor Rogerio<\/a><\/strong><\/li><li style=\"text-align: left;\"><strong><a href=\"https:\/\/mentorodonto.com.br\/entrevista-luciano-artioli\/\">Luciano Artioli<\/a><\/strong><\/li><li style=\"text-align: left;\"><strong><a href=\"https:\/\/mentorodonto.com.br\/entrevista-raphaella-autran\/\">Raphaella Autran<\/a><\/strong><\/li><li style=\"text-align: left;\"><strong><a href=\"https:\/\/mentorodonto.com.br\/entrevista-marco-matrone\/\">Marco Matrone<\/a><\/strong><\/li><li style=\"text-align: left;\"><strong><a href=\"https:\/\/mentorodonto.com.br\/entrevista-levy-nunes\/\">Levy Nunes<\/a><\/strong><\/li><li style=\"text-align: left;\"><strong><a href=\"https:\/\/mentorodonto.com.br\/entrevista-antonio-bittencourt\/\">Antonio Bittencourt<\/a><\/strong><\/li><li style=\"text-align: left;\"><strong><a href=\"https:\/\/mentorodonto.com.br\/entrevista-andressa-ballarin\/\">Andressa Ballarin<\/a><\/strong><\/li><li style=\"text-align: left;\"><strong><a href=\"https:\/\/mentorodonto.com.br\/entrevista-internacional-jordan-davis\/\">Jordan Davis<\/a><\/strong><\/li><li style=\"text-align: left;\"><strong><a href=\"https:\/\/mentorodonto.com.br\/lipolise-enzimatica-induzida-de-papada-uma-nova-tendencia-marco-matrone\/\">Marco Matrone<\/a><\/strong><\/li><li style=\"text-align: left;\"><strong><a href=\"https:\/\/mentorodonto.com.br\/entrevista-roger-kirschner\/\">Roger Kirschner<\/a><\/strong><\/li><li style=\"text-align: left;\"><strong><a href=\"https:\/\/mentorodonto.com.br\/entrevista-marcia-viotti\/\">Marcia Viotti<\/a><\/strong><\/li><li style=\"text-align: left;\"><strong><a href=\"https:\/\/mentorodonto.com.br\/viscossuplementacao-da-atm-eduardo-januzzi\/\">Eduardo Januzzi<\/a><\/strong><\/li><li style=\"text-align: left;\"><strong><a href=\"https:\/\/mentorodonto.com.br\/toxina-funcional-e-hospitalar-jose-peixoto-ferrao-jr\/\">Jose Peixoto Ferrao Jr<\/a><\/strong><\/li><li style=\"text-align: left;\"><strong><a href=\"https:\/\/mentorodonto.com.br\/bichectomia-estetica-funcional-levy-nunes\/\">Levy Nunes<\/a><\/strong><\/li><li style=\"text-align: left;\"><strong><a href=\"https:\/\/mentorodonto.com.br\/entrevista-daniel-machado\/\">Daniel Machado<\/a><\/strong><\/li><li style=\"text-align: left;\"><strong><a href=\"https:\/\/mentorodonto.com.br\/a-importancia-da-estruturacao-ossea-na-estetica-facial-octavio-cintra\/\">Octavio Cintra<\/a><\/strong><\/li><li style=\"text-align: left;\"><strong><a href=\"https:\/\/mentorodonto.com.br\/harmonizacao-orofacial-como-o-mercado-nos-ve-luciano-artioli\/\">Luciano Artioli<\/a><\/strong><\/li><li style=\"text-align: left;\"><strong><a href=\"https:\/\/mentorodonto.com.br\/entrevista-eduardo-januzzi\/\">Eduardo Januzzi<\/a><\/strong><\/li><li style=\"text-align: left;\"><strong><a href=\"https:\/\/mentorodonto.com.br\/preparo-de-pele-previo-a-toxina-e-preenchedores-visando-melhores-resultados-raphaella-autran\/\">Raphaella Autran<\/a><\/strong><\/li><li style=\"text-align: left;\"><strong><a href=\"https:\/\/mentorodonto.com.br\/entrevista-flavio-luposeli\/\">Flavio Luposeli<\/a><\/strong><\/li><li style=\"text-align: left;\"><strong><a href=\"https:\/\/mentorodonto.com.br\/roger-kirschner-fios-faciais-inducao-de-colageno-e-sustentacao-tecidual\/\">Roger Kirschner<\/a><\/strong><\/li><li style=\"text-align: left;\"><strong><a href=\"https:\/\/mentorodonto.com.br\/antonio-bittencourt-arquitetando-a-face-com-planejamento-digital-em-harmonizacao-orofacial\/\">Antonio Bittencourt<\/a><\/strong><\/li><li style=\"text-align: left;\"><strong><a href=\"https:\/\/mentorodonto.com.br\/entrevista-luis-fernando-naldi\/\">Luis Fernando Naldi<\/a><\/strong><\/li><li style=\"text-align: left;\"><strong><a href=\"https:\/\/mentorodonto.com.br\/entrevista-andrea-tedesco\/\">Andrea Tedesco<\/a><\/strong><\/li><li style=\"text-align: left;\"><strong><a href=\"https:\/\/mentorodonto.com.br\/harmonizacao-facial-pre-envelhecimento-volume-esqueletico-wanderson-itaborahy\/\">Wanderson Itaborahy<\/a><\/strong><\/li><\/ul><\/div>\n\t\t\t\t<\/div>\n\t\t\t\t<\/div>\n\t\t\t\t<div class=\"elementor-element elementor-element-0ed0cca elementor-widget elementor-widget-heading\" data-id=\"0ed0cca\" data-element_type=\"widget\" data-widget_type=\"heading.default\">\n\t\t\t\t<div class=\"elementor-widget-container\">\n\t\t\t<h2 class=\"elementor-heading-title elementor-size-default\"><a href=\"https:\/\/vmcom-knowledge.com.br\/intranet\/mentorodonto-ortodontia\/\" target=\"_blank\">Ortodontia<\/a><\/h2>\t\t<\/div>\n\t\t\t\t<\/div>\n\t\t\t\t<div class=\"elementor-element elementor-element-5dbdc9c elementor-widget elementor-widget-text-editor\" data-id=\"5dbdc9c\" data-element_type=\"widget\" data-widget_type=\"text-editor.default\">\n\t\t\t\t<div class=\"elementor-widget-container\">\n\t\t\t\t\t<div class=\"elementor-text-editor elementor-clearfix\"><ul><li style=\"text-align: left;\"><a href=\"https:\/\/mentorodonto.com.br\/entrevista-internacional-andrea-bono\/\"><strong>Andrea Bono<\/strong><\/a><\/li><li style=\"text-align: left;\"><a href=\"https:\/\/mentorodonto.com.br\/entrevista-hugo-nary-filho-e-mauricio-cardoso\/\"><strong>Hugo Nary Filho e Mauricio Cardoso<\/strong><\/a><\/li><li style=\"text-align: left;\"><a href=\"https:\/\/mentorodonto.com.br\/olhando-para-frente-gadgets-vestiveis-auxiliares-na-terapeutica-ortodontica-alael-de-paiva-lino\/\"><strong>Alael de Paiva Lino<\/strong><\/a><\/li><li style=\"text-align: left;\"><a href=\"https:\/\/mentorodonto.com.br\/mini-implantes-no-palato-ampliando-as-possibilidades-de-mecanica-ortodontica-francisco-honorio-da-silva-neto\/\"><strong>Francisco Honorio da Silva Neto<\/strong><\/a><\/li><li style=\"text-align: left;\"><a href=\"https:\/\/mentorodonto.com.br\/canino-impactado-exodontia-ou-nao-helena-tornelli\/\"><strong>Helena Tornelli<\/strong><\/a><\/li><li style=\"text-align: left;\"><a href=\"https:\/\/mentorodonto.com.br\/por-que-o-dominio-da-biomecanica-pode-transformar-a-sua-pratica-clinica-mauricio-sakima\/\"><strong>Mauricio Sakima<\/strong><\/a><\/li><li style=\"text-align: left;\"><a href=\"https:\/\/mentorodonto.com.br\/ortodontia-cad-cam-do-it-yourself-ou-na-nuvem-mauricio-accorsi\/\"><strong>Mauricio Accorsi<\/strong><\/a><\/li><li style=\"text-align: left;\"><a href=\"https:\/\/mentorodonto.com.br\/nivelamento-por-montagem-seletiva-otimizando-a-abordagem-das-sobremordidas-stefan-cardon\/\"><strong>Stefan Cardon<\/strong><\/a><\/li><li style=\"text-align: left;\"><a href=\"https:\/\/mentorodonto.com.br\/o-que-mudou-na-minha-pratica-ortodontica-nos-ultimos-10-anos-bruno-gribel\/\"><strong>Bruno Gribel<\/strong><\/a><\/li><li style=\"text-align: left;\"><a href=\"https:\/\/mentorodonto.com.br\/como-otimizar-a-correcao-da-sobremordida-profunda-acacio-fuziy\/\"><strong>Acacio Fuziy<\/strong><\/a><\/li><li style=\"text-align: left;\"><a href=\"https:\/\/mentorodonto.com.br\/percepcao-da-face-no-tratamento-da-classe-ii-o-que-os-pacientes-tem-a-nos-dizer-ana-claudia-conti\/\"><strong>Ana Claudia Conti<\/strong><\/a><\/li><li style=\"text-align: left;\"><a href=\"https:\/\/mentorodonto.com.br\/entrevista-internacional-carlos-flores-mir\/\"><strong>Carlos Flores-Mir<\/strong><\/a><\/li><li style=\"text-align: left;\"><a href=\"https:\/\/mentorodonto.com.br\/verticalizacao-de-molares-marden-bastos\/\"><strong>Marden Bastos<\/strong><\/a><\/li><li style=\"text-align: left;\"><a href=\"https:\/\/mentorodonto.com.br\/entrevista-internacional-juan-martin-palomo\/\"><strong>Juan Martin Palomo<\/strong><\/a><\/li><li style=\"text-align: left;\"><a href=\"https:\/\/mentorodonto.com.br\/entrevista-internacional-andres-giraldo\/\"><strong>Andr\u00e9s Giraldo<\/strong><\/a><\/li><li style=\"text-align: left;\"><a href=\"https:\/\/mentorodonto.com.br\/entrevista-leopoldino-capelozza\/\"><strong>Leopoldino Capelozza<\/strong><\/a><\/li><li style=\"text-align: left;\"><a href=\"https:\/\/mentorodonto.com.br\/entrevista-celestino-nobrega\/\"><strong>Celestino Nobrega<\/strong><\/a><\/li><li style=\"text-align: left;\"><a href=\"https:\/\/mentorodonto.com.br\/entrevista-marcos-janson\/\"><strong>Marcos Janson<\/strong><\/a><\/li><li style=\"text-align: left;\"><a href=\"https:\/\/mentorodonto.com.br\/ainda-sobre-a-classe-ii-protocolos-contemporaneos-e-eficientes-renata-almeida-pedrin\/\"><strong>Renata Almeida-Pedrin<\/strong><\/a><\/li><li style=\"text-align: left;\"><a href=\"https:\/\/mentorodonto.com.br\/ortodontia-voce-no-controle-wendel-shibasaki\/\"><strong>Wendel Shibasaki<\/strong><\/a><\/li><li style=\"text-align: left;\"><a href=\"https:\/\/mentorodonto.com.br\/previsibilidade-do-movimento-dentario-com-o-recurso-smartforce-do-invisalign-andre-felipe-abrao\/\"><strong>Andre Felipe Abr\u00e3o<\/strong><\/a><\/li><li style=\"text-align: left;\"><a href=\"https:\/\/mentorodonto.com.br\/entrevista-internacional-aldo-otazu-cambiano\/\"><strong>Aldo Otazu Cambiano<\/strong><\/a><\/li><li style=\"text-align: left;\"><a href=\"https:\/\/mentorodonto.com.br\/tratamento-precoce-da-classe-iii-com-ancoragem-esqueletica-fernando-manhaes\/\"><strong>Fernando Manh\u00e3es<\/strong><\/a><\/li><li style=\"text-align: left;\"><a href=\"https:\/\/mentorodonto.com.br\/entrevista-corporativa-fernando-buranello\/\"><strong>Fernando Buranello<\/strong><\/a><\/li><li style=\"text-align: left;\"><a href=\"https:\/\/mentorodonto.com.br\/entrevista-corporativa-matthias-schupp-clearcorrect\/\"><strong>Matthias Schupp<\/strong><\/a><\/li><li style=\"text-align: left;\"><a href=\"https:\/\/mentorodonto.com.br\/entrevista-corporativa-oraci-morelli\/\"><strong>Oraci Morelli<\/strong><\/a><\/li><li style=\"text-align: left;\"><a href=\"https:\/\/mentorodonto.com.br\/entrevista-corporativa-renato-mussa\/\"><strong>Renato Mussa<\/strong><\/a><\/li><li style=\"text-align: left;\"><a href=\"https:\/\/mentorodonto.com.br\/ortodontia-autoligavel-e-contemporanea-em-casos-complexos-claudio-figueiredo\/\"><strong>Claudio Figueiredo<\/strong><\/a><\/li><li style=\"text-align: left;\"><a href=\"https:\/\/mentorodonto.com.br\/entrevista-internacional-graham-jones\/\"><strong>Graham Jones<\/strong><\/a><\/li><li style=\"text-align: left;\"><a href=\"https:\/\/mentorodonto.com.br\/utilizacao-de-recursos-3d-na-rotina-ortodontica-marlos-loiola\/\"><strong>Marlos Loiola<\/strong><\/a><\/li><li style=\"text-align: left;\"><a href=\"https:\/\/mentorodonto.com.br\/planejamento-virtual-em-ortodontia-o-que-muda-em-sua-pratica-clinica-leonardo-camardella-2\/\"><strong>Leonardo Camardella<\/strong><\/a><\/li><li style=\"text-align: left;\"><a href=\"https:\/\/mentorodonto.com.br\/planejamento-virtual-em-ortodontia-o-que-muda-em-sua-pratica-clinica-leonardo-camardella\/\"><strong>Won Moon<\/strong><\/a><\/li><li style=\"text-align: left;\"><a href=\"https:\/\/mentorodonto.com.br\/a-estetica-do-sorriso-do-planejamento-a-finalizacao-ricardo-moresca\/\"><strong>Ricardo Moresca<\/strong><\/a><\/li><li style=\"text-align: left;\"><a href=\"https:\/\/mentorodonto.com.br\/entrevista-internacional-peter-buschang\/\"><strong>Peter Buschang<\/strong><\/a><\/li><li style=\"text-align: left;\"><a href=\"https:\/\/mentorodonto.com.br\/mordida-aberta-nas-dentaduras-decidua-e-mista-tratamento-e-estabilidade-daniela-feu-2\/\"><strong>Daniela Feu<\/strong><\/a><\/li><li style=\"text-align: left;\"><a href=\"https:\/\/mentorodonto.com.br\/oclusao-e-estetica-facial-na-infancia-rodrigo-santana\/\"><strong>Rodrigo Sant\u00b4Ana<\/strong><\/a><\/li><li style=\"text-align: left;\"><a href=\"https:\/\/mentorodonto.com.br\/fluxo-digital-em-ortodontia-ate-onde-podemos-chegar-cristiane-andre\/\"><strong>Cristiane Andr\u00e9<\/strong><\/a><\/li><li style=\"text-align: left;\"><a href=\"https:\/\/mentorodonto.com.br\/entrevista-internacional-stella-chaushu\/\"><strong>Stella Chaushu<\/strong><\/a><\/li><li style=\"text-align: left;\"><a href=\"https:\/\/mentorodonto.com.br\/sobremordida-as-diferentes-alternativas-para-sua-resolucao-no-tratamento-ortodontico-fernando-cesar-torres\/\"><strong>Fernando Cesar Torres<\/strong><\/a><\/li><li style=\"text-align: left;\"><a href=\"https:\/\/mentorodonto.com.br\/orientacao-didatica-para-o-diagnostico-e-planejamento-em-ortodontia-carlos-guimaraes\/\"><strong>Carlos Guimar\u00e3es<\/strong><\/a><\/li><li style=\"text-align: left;\"><a href=\"https:\/\/mentorodonto.com.br\/eficiencia-no-tratamento-ortodontico-de-pacientes-adultos-expandindo-limites-silvia-reis\/\"><strong>Silvia Reis<\/strong><\/a><\/li><li style=\"text-align: left;\"><a href=\"https:\/\/mentorodonto.com.br\/entrevista-internacional-ivan-malagon\/\"><strong>Ivan Malagon<\/strong><\/a><\/li><li style=\"text-align: left;\"><a href=\"https:\/\/mentorodonto.com.br\/dicas-clinicas-simples-para-casos-complexos-eduardo-prado\/\"><strong>Eduardo Prado<\/strong><\/a><\/li><li style=\"text-align: left;\"><a href=\"https:\/\/mentorodonto.com.br\/tratamento-de-casos-ortodonticos-complexos-wilson-murata\/\"><strong>Wilson Murata<\/strong><\/a><\/li><li style=\"text-align: left;\"><a href=\"https:\/\/mentorodonto.com.br\/odontologia-digital-em-mas-oclusoes-na-infancia-e-em-pacientes-portadores-de-fissuras-labiais-e-palatais-marcos-gribel\/\"><strong>Marcos Gribel<\/strong><\/a><\/li><li style=\"text-align: left;\"><a href=\"https:\/\/mentorodonto.com.br\/erupcao-ectopica-do-canino-superior-impaccao-e-reabsorcao-voce-pode-mudar-este-prognosticov-sergio-estelita\/\"><strong>S\u00e9rgio Estelita<\/strong><\/a><\/li><li style=\"text-align: left;\"><a href=\"https:\/\/mentorodonto.com.br\/tratamento-das-classes-ii-com-confianca-e-precisao-celestino-nobrega\/\"><strong>Celestino Nobrega<\/strong><\/a><\/li><li style=\"text-align: left;\"><a href=\"https:\/\/mentorodonto.com.br\/os-tres-grandes-erros-no-diagnostico-ortodontico-nao-podemos-mais-comete-los-sergio-carmelo-torres\/\"><strong>Sergio Carmelo Torres<\/strong><\/a><\/li><li style=\"text-align: left;\"><a href=\"https:\/\/mentorodonto.com.br\/ma-oclusao-de-classe-ii-o-que-devo-saber-sobre-os-protocolos-de-tratamento-mayara-patel\/\"><strong>Mayara Patel<\/strong><\/a><\/li><li style=\"text-align: left;\"><a href=\"https:\/\/mentorodonto.com.br\/ortodontia-digital-scan-design-print-adriano-marotta\/\"><strong>Adriano Marotta<\/strong><\/a><\/li><li style=\"text-align: left;\"><a href=\"https:\/\/mentorodonto.com.br\/como-ter-sucesso-no-tratamento-da-classe-ii-roberto-grec\/\"><strong>Roberto Grec<\/strong><\/a><\/li><li style=\"text-align: left;\"><a href=\"https:\/\/mentorodonto.com.br\/ortodontia-digital-mauricio-casa\/\"><strong>Mauricio Casa<\/strong><\/a><\/li><li style=\"text-align: left;\"><a href=\"https:\/\/mentorodonto.com.br\/entrevista-guilherme-janson\/\"><strong>Guilherme Janson<\/strong><\/a><\/li><li style=\"text-align: left;\"><a href=\"https:\/\/mentorodonto.com.br\/recursos-restauradores-na-complementacao-dos-tratamentos-ortodonticos-jose-carlos-garofalo\/\"><strong>Jose Carlos Garofalo<\/strong><\/a><\/li><li style=\"text-align: left;\"><a href=\"https:\/\/mentorodonto.com.br\/entrevista-fernando-castanha-henriques\/\"><strong>Fernando Castanha Henriques<\/strong><\/a><\/li><li style=\"text-align: left;\"><a href=\"https:\/\/mentorodonto.com.br\/entrevista-internacional-sabine-ruf\/\"><strong>Sabine Ruf<\/strong><\/a><\/li><li style=\"text-align: left;\"><a href=\"https:\/\/mentorodonto.com.br\/entrevista-internacional-juan-cruz-gallego-heguilen\/\"><strong>Juan Cruz Gallego Heguilen<\/strong><\/a><\/li><li><a href=\"https:\/\/mentorodonto.com.br\/entrevista-internacional-paul-bernal\/\" target=\"_blank\" rel=\"noopener\"><strong>Paul Bernal<\/strong><\/a><\/li><\/ul><\/div>\n\t\t\t\t<\/div>\n\t\t\t\t<\/div>\n\t\t\t\t\t\t<\/div>\n\t\t\t\t\t<\/div>\n\t\t<\/div>\n\t\t\t\t<div class=\"elementor-column elementor-col-33 elementor-inner-column elementor-element elementor-element-98c9ff2\" data-id=\"98c9ff2\" data-element_type=\"column\" data-settings=\"{&quot;background_background&quot;:&quot;classic&quot;}\">\n\t\t\t<div class=\"elementor-column-wrap\">\n\t\t\t\t\t\t\t<div class=\"elementor-widget-wrap\">\n\t\t\t\t\t\t\t\t<\/div>\n\t\t\t\t\t<\/div>\n\t\t<\/div>\n\t\t\t\t<div class=\"elementor-column elementor-col-33 elementor-inner-column elementor-element elementor-element-3695121\" data-id=\"3695121\" data-element_type=\"column\">\n\t\t\t<div class=\"elementor-column-wrap elementor-element-populated\">\n\t\t\t\t\t\t\t<div class=\"elementor-widget-wrap\">\n\t\t\t\t\t\t<div class=\"elementor-element elementor-element-5c24ee8 elementor-widget elementor-widget-heading\" data-id=\"5c24ee8\" data-element_type=\"widget\" data-widget_type=\"heading.default\">\n\t\t\t\t<div class=\"elementor-widget-container\">\n\t\t\t<h2 class=\"elementor-heading-title elementor-size-default\">Implante e Periodontia<\/h2>\t\t<\/div>\n\t\t\t\t<\/div>\n\t\t\t\t<div class=\"elementor-element elementor-element-eecb684 elementor-widget elementor-widget-heading\" data-id=\"eecb684\" data-element_type=\"widget\" data-widget_type=\"heading.default\">\n\t\t\t\t<div class=\"elementor-widget-container\">\n\t\t\t<h2 class=\"elementor-heading-title elementor-size-default\"><a href=\"https:\/\/vmcom-knowledge.com.br\/intranet\/produtos-digitais-por-areas-estetica-e-implantes\/\" target=\"_blank\">Est\u00e9tica e Implantes<\/a><\/h2>\t\t<\/div>\n\t\t\t\t<\/div>\n\t\t\t\t<div class=\"elementor-element elementor-element-bf8b30f elementor-widget elementor-widget-text-editor\" data-id=\"bf8b30f\" data-element_type=\"widget\" data-widget_type=\"text-editor.default\">\n\t\t\t\t<div class=\"elementor-widget-container\">\n\t\t\t\t\t<div class=\"elementor-text-editor elementor-clearfix\"><ul><li style=\"text-align: left;\"><strong><a href=\"https:\/\/mentorodonto.com.br\/resultados-previsiveis-em-desafios-esteticos-com-implantes-diego-klee\/\">Diego Klee<\/a>\u00a0<\/strong><\/li><li style=\"text-align: left;\"><strong><a href=\"https:\/\/mentorodonto.com.br\/entrevista-internacional-maurice-salama\/\">Maurice Salama<\/a>\u00a0<\/strong><\/li><li style=\"text-align: left;\"><strong><a href=\"https:\/\/mentorodonto.com.br\/entrevista-internacional-bernard-touati\/\">Bernard Touati<\/a>\u00a0<\/strong><\/li><li style=\"text-align: left;\"><strong><a href=\"https:\/\/mentorodonto.com.br\/aspectos-moleculares-atuais-em-periodontia-francisco-nociti\/\">Francisco Nociti<\/a><\/strong><\/li><li style=\"text-align: left;\"><strong><a href=\"https:\/\/mentorodonto.com.br\/tratamento-de-retracoes-multiplas-giuseppe-romito\/\">Guiseppe Romito<\/a>\u00a0<\/strong><\/li><li style=\"text-align: left;\"><strong><a href=\"https:\/\/mentorodonto.com.br\/tratamento-de-recessoes-gengivais-associadas-a-defeitos-na-superficie-radicularr-mauro-santamaria\/\">Mauro Santamaria<\/a>\u00a0<\/strong><\/li><li style=\"text-align: left;\"><strong><a href=\"https:\/\/mentorodonto.com.br\/recobrimento-radicular-sandro-bittencourt\/\">Sandro Bittencourt<\/a>\u00a0<\/strong><\/li><li style=\"text-align: left;\"><strong><a href=\"https:\/\/mentorodonto.com.br\/desafios-para-reconstrucao-de-tecido-mole-na-zona-estetica-sobre-dente-e-implante-herval-ramos\/\">Herval Ramos<\/a>\u00a0<\/strong><\/li><li style=\"text-align: left;\"><strong><a href=\"https:\/\/mentorodonto.com.br\/consideracoes-esteticas-na-reabilitacao-de-implantes-anteriores-igor-paulinelli\/\">Igor Paulinelli<\/a>\u00a0<\/strong><\/li><li style=\"text-align: left;\"><strong><a href=\"https:\/\/mentorodonto.com.br\/biotipo-periodontal-versus-espaco-biologico-sergio-kahn\/\">Sergio Kahn<\/a><\/strong><\/li><li style=\"text-align: left;\"><strong><a href=\"https:\/\/mentorodonto.com.br\/alteracao-do-biotipo-gengival-paulo-fukashi\/\">Paulo Fukashi<\/a>\u00a0<\/strong><\/li><li style=\"text-align: left;\"><strong><a href=\"https:\/\/mentorodonto.com.br\/reconstrucao-tecidual-estetica-ao-redor-de-dentes-e-implantes-zulene-ferreira\/\">Zulene Ferreira<\/a>\u00a0<\/strong><\/li><li style=\"text-align: left;\"><strong><a href=\"https:\/\/mentorodonto.com.br\/conversao-do-biotipo-gengival-da-fase-cirurgica-a-fase-protetica-marcelo-nunes\/\">Marcelo Nunes<\/a><\/strong><\/li><li style=\"text-align: left;\"><strong><a href=\"https:\/\/mentorodonto.com.br\/a-importancia-da-manipulacao-de-tecidos-moles-em-implantodontia-eduardo-mello-dias\/\">Eduardo Dias<\/a>\u00a0<\/strong><\/li><li style=\"text-align: left;\"><strong><a href=\"https:\/\/mentorodonto.com.br\/estetica-rosa-periodontal-e-peri-implantar-ricardo-de-souza-magini\/\">Ricardo Magini<\/a>\u00a0<\/strong><\/li><li style=\"text-align: left;\"><strong><a href=\"https:\/\/mentorodonto.com.br\/implante-ceramico-uma-nova-filosofia-andre-zetola\/\">Andr\u00e9 Zetola<\/a>\u00a0<\/strong><\/li><li style=\"text-align: left;\"><strong><a href=\"https:\/\/mentorodonto.com.br\/entrevista-marcelo-faveri\/\">Marcelo Faveri e Fausto Frizzera<\/a>\u00a0<\/strong><\/li><li style=\"text-align: left;\"><strong><a href=\"https:\/\/mentorodonto.com.br\/procedimentos-regenerativos-cirurgicos-e-reabilitadores-proteticos-em-area-estetica-dicas-clinicas-thiago-tomaselli\/\">Thiago Tomaselli<\/a>\u00a0<\/strong><\/li><li style=\"text-align: left;\"><strong><a href=\"https:\/\/mentorodonto.com.br\/implantodontia-estetica-o-que-precisamos-saber-adilson-torreao\/\">Adilson Torre\u00e3o<\/a><\/strong><\/li><li style=\"text-align: left;\"><strong><a href=\"https:\/\/mentorodonto.com.br\/entrevista-internacional-jean-pierre-gardella\/\">Jean-Pierre Gardella<\/a><\/strong><\/li><li style=\"text-align: left;\"><strong><a href=\"https:\/\/mentorodonto.com.br\/entrevista-ricardo-magini-e-cesar-benfatti\/\">Ricardo Magini e Cesar Benfatti<\/a><\/strong><\/li><li style=\"text-align: left;\"><strong><a href=\"https:\/\/mentorodonto.com.br\/importancia-e-manejo-de-tecidos-moles-para-manutencao-estetica-a-longo-prazo-alessandro-januario\/\">Alessandro Janu\u00e1rio<\/a>\u00a0<\/strong><\/li><li style=\"text-align: left;\"><strong><a href=\"https:\/\/mentorodonto.com.br\/entrevista-internacional-ueli-grunder\/\">Ueli Grunder<\/a><\/strong><\/li><li style=\"text-align: left;\"><strong><a href=\"https:\/\/mentorodonto.com.br\/entrevista-internacional-joseph-kan\/\">Joseph Kan<\/a>\u00a0<\/strong><\/li><li style=\"text-align: left;\"><strong><a href=\"https:\/\/mentorodonto.com.br\/desafios-esteticos-na-implantodontia-hiron-andreaza\/\">Hiron Andreaza<\/a>\u00a0<\/strong><\/li><li style=\"text-align: left;\"><strong><a href=\"https:\/\/mentorodonto.com.br\/espaco-biologico-periodontal-biotipo-gengival-e-o-posicionamento-apico-coronal-dos-implantes-patrick-alves\/\">Patrick Alves<\/a>\u00a0<\/strong><\/li><li style=\"font-style: inherit; text-align: left;\"><strong><a style=\"font-style: inherit; font-weight: inherit;\" href=\"https:\/\/mentorodonto.com.br\/estetica-integrada-em-implantodontia-fausto-frizzera\/\">Fausto Frizzera<\/a>\u00a0<\/strong><\/li><li style=\"font-style: inherit; text-align: left;\"><strong><a style=\"font-style: inherit; font-weight: inherit;\" href=\"https:\/\/mentorodonto.com.br\/alteracao-do-fenotipo-do-tecido-mole-peri-implantar-em-area-estetica-quando-e-por-que-guenther-schuldt-filho\/\">Guenther Schuldt Filho<\/a>\u00a0<\/strong><\/li><li style=\"font-style: inherit; text-align: left;\"><strong><a style=\"font-style: inherit; font-weight: inherit;\" href=\"https:\/\/mentorodonto.com.br\/implantes-em-area-estetica-desafios-e-possibilidades-igor-paulinelli\/\">Igor Paulinelli<\/a>\u00a0<\/strong><\/li><li style=\"font-style: inherit; text-align: left;\"><strong><a style=\"font-style: inherit; font-weight: inherit;\" href=\"https:\/\/mentorodonto.com.br\/utilizacao-de-implantes-cone-morse-na-reabilitacao-cirurgico-protetica\/\">Fernando Cauduro<\/a>\u00a0<\/strong><\/li><li style=\"font-style: inherit; text-align: left;\"><strong><a style=\"font-style: inherit; font-weight: inherit;\" href=\"https:\/\/mentorodonto.com.br\/entrevista-victor-clavijo-e-julio-cesar-joly\/\">Julio Joly e Victor Clavijo<\/a>\u00a0<\/strong><\/li><\/ul><\/div>\n\t\t\t\t<\/div>\n\t\t\t\t<\/div>\n\t\t\t\t<div class=\"elementor-element elementor-element-d046a6d elementor-widget elementor-widget-heading\" data-id=\"d046a6d\" data-element_type=\"widget\" data-widget_type=\"heading.default\">\n\t\t\t\t<div class=\"elementor-widget-container\">\n\t\t\t<h2 class=\"elementor-heading-title elementor-size-default\"><a href=\"https:\/\/vmcom-knowledge.com.br\/intranet\/produtos-digitais-por-areas-implantes-curtos-extracurtos-diametro-reduzido\/\" target=\"_blank\">Implantes curtos e extracurtos <\/a><\/h2>\t\t<\/div>\n\t\t\t\t<\/div>\n\t\t\t\t<div class=\"elementor-element elementor-element-22f8811 elementor-widget elementor-widget-text-editor\" data-id=\"22f8811\" data-element_type=\"widget\" data-widget_type=\"text-editor.default\">\n\t\t\t\t<div class=\"elementor-widget-container\">\n\t\t\t\t\t<div class=\"elementor-text-editor elementor-clearfix\"><ul><li style=\"text-align: left;\"><strong><a href=\"https:\/\/mentorodonto.com.br\/implante-curto-extracurto-e-de-diametro-reduzido-hugo-nary-filho\/\">Hugo Nary Filho<\/a><\/strong><\/li><li style=\"text-align: left;\"><strong><a href=\"https:\/\/mentorodonto.com.br\/evidencias-clinicas-e-cientificas-de-implantes-extracurtos-bruno-sotto-maior\/\">Bruno Sotto Maior<\/a>\u00a0<\/strong><\/li><li style=\"text-align: left;\"><strong><a href=\"https:\/\/mentorodonto.com.br\/implantes-curtos-e-extracurtos-resolvendo-casos-complexos-de-forma-simples-e-previsivel-eduardo-dias\/\">Eduardo Dias<\/a>\u00a0<\/strong><\/li><li style=\"text-align: left;\"><strong><a href=\"https:\/\/mentorodonto.com.br\/entrevista-internacional-jose-luis-calvo-guirado\/\">Jose Luis Calvo Guirado<\/a>\u00a0<\/strong><\/li><\/ul><\/div>\n\t\t\t\t<\/div>\n\t\t\t\t<\/div>\n\t\t\t\t<div class=\"elementor-element elementor-element-354036c elementor-widget elementor-widget-heading\" data-id=\"354036c\" data-element_type=\"widget\" data-widget_type=\"heading.default\">\n\t\t\t\t<div class=\"elementor-widget-container\">\n\t\t\t<h2 class=\"elementor-heading-title elementor-size-default\"><a href=\"https:\/\/vmcom-knowledge.com.br\/intranet\/produtos-digitais-por-areas-implantes-imediatos\/\" target=\"_blank\">Implantes imediatos<\/a><\/h2>\t\t<\/div>\n\t\t\t\t<\/div>\n\t\t\t\t<div class=\"elementor-element elementor-element-a310e5b elementor-widget elementor-widget-text-editor\" data-id=\"a310e5b\" data-element_type=\"widget\" data-widget_type=\"text-editor.default\">\n\t\t\t\t<div class=\"elementor-widget-container\">\n\t\t\t\t\t<div class=\"elementor-text-editor elementor-clearfix\"><ul><li style=\"text-align: left;\"><strong><a href=\"https:\/\/mentorodonto.com.br\/consideracoes-sobre-estetica-peri-implantar-para-casos-de-implantes-imediatos-mario-groisman\/\">Mario Groisman<\/a>\u00a0<\/strong><\/li><li style=\"text-align: left;\"><strong>\u00a0<a style=\"font-style: inherit; font-weight: inherit;\" href=\"https:\/\/mentorodonto.com.br\/desafios-peri-implantares-na-regiao-anterior-da-maxila-reconstrucao-alveolar-zulene-ferreira\/\">Zulene Ferreira<\/a>\u00a0<\/strong><\/li><li style=\"text-align: left;\"><strong><a href=\"https:\/\/mentorodonto.com.br\/instalacao-de-implantes-imediatamente-apos-a-exodontia-em-areas-esteticas-guaracilei-maciel-vidigal-r\/\">Guaracilei M Vidigal Jr<\/a>\u00a0<\/strong><\/li><li style=\"text-align: left;\"><strong><a href=\"https:\/\/mentorodonto.com.br\/enxertos-de-miniplacas-osseas-autogenas-em-defeitos-criticos-na-zona-estetica-marcelo-manso\/\">Marcelo Manso<\/a>\u00a0<\/strong><\/li><li style=\"text-align: left;\"><strong><a href=\"https:\/\/mentorodonto.com.br\/implantes-anteriores-estetica-e-previsibilidade-carlos-eduardo-ferreira\/\">Carlos Eduardo Ferreira<\/a><\/strong><\/li><li style=\"text-align: left;\"><strong><a href=\"https:\/\/mentorodonto.com.br\/planejando-o-fracasso-intercorrencia-e-solucoes-marcelo-abla\/\">Adilson Torre\u00e3o<\/a>\u00a0<\/strong><\/li><li style=\"text-align: left;\"><strong><a href=\"https:\/\/mentorodonto.com.br\/os-beneficios-esteticos-da-cirurgia-plastica-periodontal-guilherme-carrilho\/\">Guilherme Carrilho<\/a>\u00a0<\/strong><\/li><li style=\"text-align: left;\"><strong><a href=\"https:\/\/mentorodonto.com.br\/instalacao-de-implantes-apos-extracoes-imediato-precoce-ou-tardio-leandro-s-nunes\">Leandro Soeiro Nunes<\/a>\u00a0<\/strong><\/li><li style=\"text-align: left;\"><strong><a href=\"https:\/\/mentorodonto.com.br\/reconstrucao-tecidual-estetica-peri-implantar-julio-cesar-joly\/\">Julio Cesar Joly<\/a>\u00a0\u00a0<\/strong><\/li><li style=\"text-align: left;\"><strong><a href=\"https:\/\/mentorodonto.com.br\/cirurgias-periodontais-para-implantes-marcelo-nunes\/\">Marcelo Nunes<\/a>\u00a0<\/strong><\/li><li style=\"text-align: left;\"><strong><a href=\"https:\/\/mentorodonto.com.br\/implante-imediato-na-zona-estetica-utilizando-enxerto-autogeno-versus-aloplastico-mauricio-barreto\/\">Mauricio Barreto<\/a>\u00a0<\/strong><\/li><li style=\"text-align: left;\"><strong><a href=\"https:\/\/mentorodonto.com.br\/implantes-imediatos-em-molares-protocolo-cirurgico-e-protetico-para-manutencao-da-arquitetura-tecidual-cassio-orth\/\">C\u00e1ssio Orth<\/a>\u00a0<\/strong><\/li><li style=\"text-align: left;\"><strong><a href=\"https:\/\/mentorodonto.com.br\/entrevista-internacional-adam-hamilton\/\">Adam Hamilton<\/a>\u00a0<\/strong><\/li><li style=\"text-align: left;\"><strong><a href=\"https:\/\/mentorodonto.com.br\/a-importancia-do-manejo-correto-dos-tecidos-moles-em-implantodontia-caio-cremonini\/\">Caio Cremonini<\/a>\u00a0<\/strong><\/li><li style=\"text-align: left;\"><strong><a href=\"https:\/\/mentorodonto.com.br\/quando-fazer-enxerto-gengival-em-carga-imediata-anterior-jose-alfredo-mendonca\/\">Jose Alfredo Mendon\u00e7a<\/a>\u00a0<\/strong><\/li><li style=\"font-style: inherit; text-align: left;\"><strong><a style=\"font-style: inherit; font-weight: inherit;\" href=\"https:\/\/mentorodonto.com.br\/cirurgia-sem-retalho-e-realmente-uma-vantagem-roberto-ferrari\/\">Roberto Ferrari<\/a>\u00a0<\/strong><\/li><li style=\"text-align: left;\"><strong><a href=\"https:\/\/mentorodonto.com.br\/preservacao-alveolar-pos-extracao-modalidades-terapeuticas-daniel-resende\/\">Daniel Resende<\/a>\u00a0<\/strong><\/li><li style=\"font-style: inherit; text-align: left;\"><strong><a style=\"font-style: inherit; font-weight: inherit;\" href=\"https:\/\/mentorodonto.com.br\/entrevista-internacional-salah-huwais\/\">Salah Huwais<\/a>\u00a0<\/strong><\/li><\/ul><\/div>\n\t\t\t\t<\/div>\n\t\t\t\t<\/div>\n\t\t\t\t<div class=\"elementor-element elementor-element-8d0a6b9 elementor-widget elementor-widget-heading\" data-id=\"8d0a6b9\" data-element_type=\"widget\" data-widget_type=\"heading.default\">\n\t\t\t\t<div class=\"elementor-widget-container\">\n\t\t\t<h2 class=\"elementor-heading-title elementor-size-default\"><a href=\"https:\/\/vmcom-knowledge.com.br\/intranet\/produtos-digitais-por-areas-osseointegracao-e-superficie-dos-implantes\/\" target=\"_blank\">Osseointegra\u00e7\u00e3o e superf\u00edcie de implante<\/a><\/h2>\t\t<\/div>\n\t\t\t\t<\/div>\n\t\t\t\t<div class=\"elementor-element elementor-element-fe56099 elementor-widget elementor-widget-text-editor\" data-id=\"fe56099\" data-element_type=\"widget\" data-widget_type=\"text-editor.default\">\n\t\t\t\t<div class=\"elementor-widget-container\">\n\t\t\t\t\t<div class=\"elementor-text-editor elementor-clearfix\"><ul><li style=\"text-align: left;\"><strong><a href=\"https:\/\/mentorodonto.com.br\/mecanismos-biologicos-da-osseointegracao-marcelo-napimoga\/\">Marcelo Napimoga<\/a>\u00a0<\/strong><\/li><li style=\"text-align: left;\"><strong><a href=\"https:\/\/mentorodonto.com.br\/influencia-dos-tratamentos-de-superficie-nos-resultados-clinicos-elisa-sartori\/\">Elisa Sartori<\/a>\u00a0<\/strong><\/li><li style=\"text-align: left;\"><strong><a href=\"https:\/\/mentorodonto.com.br\/entrevista-internacional-lyndon-cooper\/\">Lyndon Cooper<\/a>\u00a0<\/strong><\/li><li style=\"text-align: left;\"><strong><a href=\"https:\/\/mentorodonto.com.br\/osseointegracao-reacao-corpo-estranho-rejeicao-implantes-zirconia-peek-titanio-carlos-nelson-elias\/\">Carlos Nelson Elias<\/a>\u00a0<\/strong><\/li><\/ul><\/div>\n\t\t\t\t<\/div>\n\t\t\t\t<\/div>\n\t\t\t\t<div class=\"elementor-element elementor-element-29c3540 elementor-widget elementor-widget-heading\" data-id=\"29c3540\" data-element_type=\"widget\" data-widget_type=\"heading.default\">\n\t\t\t\t<div class=\"elementor-widget-container\">\n\t\t\t<h2 class=\"elementor-heading-title elementor-size-default\"><a href=\"https:\/\/vmcom-knowledge.com.br\/intranet\/produtos-digitais-por-areas-ortodontia-e-implantes\/\" target=\"_blank\">Ortodontia, implantes e gengivas<\/a><\/h2>\t\t<\/div>\n\t\t\t\t<\/div>\n\t\t\t\t<div class=\"elementor-element elementor-element-87a991d elementor-widget elementor-widget-text-editor\" data-id=\"87a991d\" data-element_type=\"widget\" data-widget_type=\"text-editor.default\">\n\t\t\t\t<div class=\"elementor-widget-container\">\n\t\t\t\t\t<div class=\"elementor-text-editor elementor-clearfix\"><ul><li style=\"text-align: left;\"><strong><a href=\"https:\/\/mentorodonto.com.br\/acao-ortodontica-primaria-e-coadjuvante-na-reabilitacao-de-pacientes-com-implantes-osseointegrados-mauricio-cardoso\/\">Maur\u00edcio Cardoso<\/a>\u00a0<\/strong><\/li><li style=\"text-align: left;\"><strong><a href=\"https:\/\/mentorodonto.com.br\/preparo-da-arquitetura-gengival-para-implantes-atraves-da-ortodontia-juliana-romanelli\/\">Juliana Romanelli<\/a>\u00a0<\/strong><\/li><li style=\"text-align: left;\"><strong><a href=\"https:\/\/mentorodonto.com.br\/a-ortodontia-na-solucao-do-perfil-de-emergencia-em-reabilitacoes-proteticas-e-cirurgicas-juliana-romanelli\/\">Juliana Romanelli<\/a>\u00a0<\/strong><\/li><li style=\"text-align: left;\"><strong><a href=\"https:\/\/mentorodonto.com.br\/agenesia-dentaria-diagnostico-e-estrategia-restauradora-com-implantes-em-pacientes-jovens-william-frossard\/\">William Frossard<\/a><\/strong><\/li><\/ul><\/div>\n\t\t\t\t<\/div>\n\t\t\t\t<\/div>\n\t\t\t\t<div class=\"elementor-element elementor-element-c8fc139 elementor-widget elementor-widget-heading\" data-id=\"c8fc139\" data-element_type=\"widget\" data-widget_type=\"heading.default\">\n\t\t\t\t<div class=\"elementor-widget-container\">\n\t\t\t<h2 class=\"elementor-heading-title elementor-size-default\"><a href=\"https:\/\/vmcom-knowledge.com.br\/intranet\/produtos-digitais-por-areas-peri-implantite\/\" target=\"_blank\">Peri-implantite<\/a><\/h2>\t\t<\/div>\n\t\t\t\t<\/div>\n\t\t\t\t<div class=\"elementor-element elementor-element-174f920 elementor-widget elementor-widget-text-editor\" data-id=\"174f920\" data-element_type=\"widget\" data-widget_type=\"text-editor.default\">\n\t\t\t\t<div class=\"elementor-widget-container\">\n\t\t\t\t\t<div class=\"elementor-text-editor elementor-clearfix\"><ul><li style=\"text-align: left;\"><strong><a href=\"https:\/\/mentorodonto.com.br\/a-peri-implantite-na-clinica-diaria-marco-bianchini\/\">Marco Bianchini<\/a>\u00a0<\/strong><\/li><li style=\"text-align: left;\"><strong><a href=\"https:\/\/mentorodonto.com.br\/peri-implantite-novidades-no-tratamento-marco-aurelio-bianchini\/\">Marco Bianchini<\/a>\u00a0<\/strong><\/li><li style=\"text-align: left;\"><strong><a href=\"https:\/\/mentorodonto.com.br\/tratamento-cirurgico-da-peri-implantite-como-preservar-o-tecido-osseo-haline-dalago\/\">Haline Dalago<\/a>\u00a0<\/strong><\/li><li style=\"text-align: left;\"><strong><a href=\"https:\/\/mentorodonto.com.br\/o-que-sabemos-sobre-o-tratamento-da-peri-implantite-alex-nogueira-haas\/\">Alex Haas<\/a>\u00a0<\/strong><\/li><li style=\"text-align: left;\"><strong><a href=\"https:\/\/mentorodonto.com.br\/terapia-fotodinamica-antimicrobiana-ja-podemos-incluir-em-repertorio-clinico-arthur-belem-novaes-jr\/\">Arthur Bel\u00e9m Novaes Jr<\/a>\u00a0<\/strong><\/li><li style=\"text-align: left;\"><strong><a href=\"https:\/\/mentorodonto.com.br\/peri-implantite-abordagem-direta-de-tratamento-marco-aurelio-bianchini\/\">Marco Bianchini<\/a>\u00a0<\/strong><\/li><li style=\"text-align: left;\"><strong><a href=\"https:\/\/mentorodonto.com.br\/entrevista-internacional-irfan-abas\/\">Irfan Abas<\/a>\u00a0<\/strong><\/li><li style=\"text-align: left;\"><strong><a href=\"https:\/\/mentorodonto.com.br\/entrevista-internacional-gil-alcoforado\/\">Gil Alcoforado<\/a>\u00a0<\/strong><\/li><li style=\"text-align: left;\"><strong><a href=\"https:\/\/mentorodonto.com.br\/entrevista-internacional-fernando-duarte\/\">Fernando Duarte<\/a>\u00a0<\/strong><\/li><li style=\"text-align: left;\"><strong><a href=\"https:\/\/mentorodonto.com.br\/implantes-em-pacientes-periodontais\/\">Enilson Sallum<\/a>\u00a0<\/strong><\/li><\/ul><\/div>\n\t\t\t\t<\/div>\n\t\t\t\t<\/div>\n\t\t\t\t<div class=\"elementor-element elementor-element-d6eaa39 elementor-widget elementor-widget-heading\" data-id=\"d6eaa39\" data-element_type=\"widget\" data-widget_type=\"heading.default\">\n\t\t\t\t<div class=\"elementor-widget-container\">\n\t\t\t<h2 class=\"elementor-heading-title elementor-size-default\"><a href=\"https:\/\/vmcom-knowledge.com.br\/intranet\/produtos-digitais-por-areas-rebordos-atroficos-e-fibrina-rica-em-plaquetas-prf\/\" target=\"_blank\">Rebordos atr\u00f3ficos e L-PRF<\/a><\/h2>\t\t<\/div>\n\t\t\t\t<\/div>\n\t\t\t\t<div class=\"elementor-element elementor-element-d9ae74e elementor-widget elementor-widget-text-editor\" data-id=\"d9ae74e\" data-element_type=\"widget\" data-widget_type=\"text-editor.default\">\n\t\t\t\t<div class=\"elementor-widget-container\">\n\t\t\t\t\t<div class=\"elementor-text-editor elementor-clearfix\"><ul><li style=\"text-align: left;\"><strong><a href=\"https:\/\/mentorodonto.com.br\/recursos-tecnicos-na-lateralizacao-do-nervo-alveolar-inferior-sergio-jayme\/\">Sergio Jayme<\/a>\u00a0<\/strong><\/li><li style=\"text-align: left;\"><strong><a href=\"https:\/\/mentorodonto.com.br\/procedimentos-cirurgicos-e-biomateriais-para-aumento-vertical-jamil-shibli\/\">Jamil Shibli<\/a><\/strong><\/li><li style=\"text-align: left;\"><strong><a href=\"https:\/\/mentorodonto.com.br\/viabilizando-as-reconstrucoes-osseas-3d-samy-tunchel\/\">Samy Tunchel<\/a>\u00a0<\/strong><\/li><li style=\"text-align: left;\"><strong><a href=\"https:\/\/mentorodonto.com.br\/os-novos-conceitos-e-tecnicas-na-piezocirurgia-fabiano-capato\/\">Fabiano Capato<\/a>\u00a0<\/strong><\/li><li style=\"text-align: left;\"><strong><a href=\"https:\/\/mentorodonto.com.br\/planejamento-digital-nos-rebordos-atroficos-como-aplicar-alberto-fedeli-jr\/\">Alberto Fedeli Jr<\/a><\/strong><\/li><li style=\"text-align: left;\"><strong><a href=\"https:\/\/mentorodonto.com.br\/entrevista-jamil-shibli\/\">Jamil Shibli<\/a>\u00a0<\/strong><\/li><li style=\"text-align: left;\"><strong><a href=\"https:\/\/mentorodonto.com.br\/approach-palatino-e-alta-estabilidade-primaria-revolucionando-a-reabilitacao-de-maxilas-com-severa-atrofia-horizontal-abilio-coppede\/\">Ab\u00edlio Copped\u00ea<\/a>\u00a0<\/strong><\/li><li style=\"text-align: left;\"><strong><a href=\"https:\/\/mentorodonto.com.br\/entrevista-howard-gluckman-e-david-garber\/\">Howard Gluckman &amp; David Garber<\/a>\u00a0<\/strong><\/li><li style=\"text-align: left;\"><strong><a href=\"https:\/\/mentorodonto.com.br\/entrevista-internacional-joseph-choukroun\/\">Joseph Choukroun<\/a>\u00a0<\/strong><\/li><li><a href=\"https:\/\/mentorodonto.com.br\/do-l-prf-ao-stick-bone-opcoes-terapeuticas-na-implantodontia-usando-concentrados-plaquetarios\/\"><strong>Marco Pontual<\/strong><\/a><\/li><\/ul><\/div>\n\t\t\t\t<\/div>\n\t\t\t\t<\/div>\n\t\t\t\t<div class=\"elementor-element elementor-element-475ba44 elementor-widget elementor-widget-heading\" data-id=\"475ba44\" data-element_type=\"widget\" data-widget_type=\"heading.default\">\n\t\t\t\t<div class=\"elementor-widget-container\">\n\t\t\t<h2 class=\"elementor-heading-title elementor-size-default\"><a href=\"https:\/\/vmcom-knowledge.com.br\/intranet\/produtos-digitais-por-areas-regeneracao-ossea-guiada-e-seio-maxilar\/\" target=\"_blank\">Regenera\u00e7\u00e3o \u00f3ssea guiada e seio maxilar<\/a><\/h2>\t\t<\/div>\n\t\t\t\t<\/div>\n\t\t\t\t<div class=\"elementor-element elementor-element-eea5aff elementor-widget elementor-widget-text-editor\" data-id=\"eea5aff\" data-element_type=\"widget\" data-widget_type=\"text-editor.default\">\n\t\t\t\t<div class=\"elementor-widget-container\">\n\t\t\t\t\t<div class=\"elementor-text-editor elementor-clearfix\"><ul><li style=\"text-align: left;\"><strong><a href=\"https:\/\/mentorodonto.com.br\/preservacao-alveolar-andre-pelegrine\/\">Andr\u00e9 Pelegrine<\/a><\/strong><\/li><li style=\"text-align: left;\"><strong><a href=\"https:\/\/mentorodonto.com.br\/mesa-redonda-regeneracao-ossea-guiada\/\">Mesa-redonda: regenera\u00e7\u00e3o \u00f3ssea guiada<\/a><\/strong><\/li><li style=\"text-align: left;\"><strong><a href=\"https:\/\/mentorodonto.com.br\/aumento-osseo-horizontal-previsibilidade-nos-resultados-clinicos-com-uso-da-tac-classification\/\">Andr\u00e9\u00a0 Pelegrine<\/a>\u00a0<\/strong><\/li><li style=\"text-align: left;\"><strong><a href=\"https:\/\/mentorodonto.com.br\/aceleracao-de-respostas-reparadoras-na-clinica-diaria-aziz-constantino\/\">Aziz Constantino<\/a>\u00a0<\/strong><\/li><li style=\"text-align: left;\"><strong><a href=\"https:\/\/mentorodonto.com.br\/suturas-importantes-na-perio-implantologia-fernando-hayashi\/\">Fernando Hayashi<\/a>\u00a0<\/strong><\/li><li style=\"text-align: left;\"><strong><a href=\"https:\/\/mentorodonto.com.br\/bifosfonatos-na-implantodontia-marcio-amorim\/\">M\u00e1rcio Amorim<\/a>\u00a0<\/strong><\/li><li style=\"text-align: left;\"><strong><a href=\"https:\/\/mentorodonto.com.br\/osteonecrose-de-mandibula-associada-aos-bifosfonatos-omab-marcio-amorim\/\">M\u00e1rcio Amorim<\/a>\u00a0<\/strong><\/li><li style=\"text-align: left;\"><strong><a href=\"https:\/\/mentorodonto.com.br\/regeneracao-periodontal-reflexoes-realidade-e-expectativas-marcio-casati-2\/\">Marcio Casati<\/a>\u00a0<\/strong><\/li><li style=\"text-align: left;\"><strong><a href=\"https:\/\/mentorodonto.com.br\/fatores-de-crescimento-para-regeneracao-periodontal-e-peri-implantar-mito-ou-realidade-ronaldo-barcellos-de-santana\/\">Ronaldo Barcellos de Santana<\/a><\/strong><strong>\u00a0<\/strong><\/li><li style=\"text-align: left;\"><strong><a href=\"https:\/\/mentorodonto.com.br\/regeneracao-periodontal-reflexoes-realidade-e-expectativas-marcio-casati\/\">Wilson Sendyk<\/a><\/strong><\/li><li style=\"text-align: left;\"><strong><a href=\"https:\/\/mentorodonto.com.br\/entrevista-internacional-matteo-chiapasco\/\">Matteo Chiapasco<\/a>\u00a0<\/strong><\/li><li style=\"text-align: left;\"><strong><a href=\"https:\/\/mentorodonto.com.br\/simplificando-a-reconstrucao-de-alveolos-comprometidos-sem-o-uso-de-biomateriais-luiz-roberto-dantas-2\/\">Luis Roberto Dantas<\/a>\u00a0<\/strong><\/li><li style=\"text-align: left;\"><strong><a href=\"https:\/\/mentorodonto.com.br\/entrevista-internacional-zvi-artzi\/\">Zvi Artzi<\/a>\u00a0<\/strong><\/li><li style=\"text-align: left;\"><strong><a href=\"https:\/\/mentorodonto.com.br\/consideracoes-para-o-sucesso-do-enxerto-no-seio-maxilar-jonathas-claus-2\/\">Jonathas Claus<\/a><\/strong><\/li><li style=\"text-align: left;\"><a href=\"https:\/\/mentorodonto.com.br\/aumento-osseo-vertical-em-mandibula-posterior-eduardo-kalil\/\" target=\"_blank\" rel=\"noopener\"><strong>Eduardo Kalil\u00a0<\/strong><\/a><\/li><li style=\"text-align: left;\"><strong><a href=\"https:\/\/mentorodonto.com.br\/como-abordar-rebordos-atroficos-alberto-fedeli\/\">Alberto Fedeli<\/a>\u00a0<\/strong><\/li><li style=\"text-align: left;\"><strong><a href=\"https:\/\/mentorodonto.com.br\/regeneracao-ossea-guiada-na-maxila-alber-barbara\/\">Alber Barbara<\/a>\u00a0<\/strong><\/li><li style=\"text-align: left;\"><strong><a href=\"https:\/\/mentorodonto.com.br\/utilizacao-da-membrana-de-ptfe-denso-intencionalmente-exposta-apos-exodontias-do-planejamento-a-sutura-ulisses-dayube\/\">Ulisses Dayube<\/a><\/strong><\/li><li style=\"text-align: left;\"><strong><a href=\"https:\/\/mentorodonto.com.br\/preservacao-alveolar-com-membranas-de-ptfe-denso-ulisses-dayube\/\">Ulisses Dayube<\/a>\u00a0<\/strong><\/li><li style=\"text-align: left;\"><strong><a href=\"https:\/\/mentorodonto.com.br\/biomateriais-em-reconstrucoes-osseas-quais-as-nossas-limitacoes-luis-guilherme-macedo\/\">Luis Guilherme Macedo<\/a>\u00a0<\/strong><\/li><li style=\"text-align: left;\"><strong><a href=\"https:\/\/mentorodonto.com.br\/entrevista-andre-pelegrine-e-hugo-nary-filho\/\">Hugo Nary e Andr\u00e9 Pelegrine<\/a>\u00a0<\/strong><\/li><li style=\"text-align: left;\"><strong><a href=\"https:\/\/mentorodonto.com.br\/entrevista-roberta-okamoto\/\">Roberta Okamoto<\/a><\/strong><\/li><li style=\"text-align: left;\"><strong><a href=\"https:\/\/mentorodonto.com.br\/entrevista-marcelo-napimoga\/\">Marcelo Napimoga e Humberto Schwarz<\/a>\u00a0<\/strong><\/li><li style=\"text-align: left;\"><strong><a href=\"https:\/\/mentorodonto.com.br\/preservacao-alveolar-manejo-de-tecidos-duros-e-moles-daniel-sendyk\/\">Daniel Sendyk<\/a>\u00a0<\/strong><\/li><li style=\"text-align: left;\"><strong><a href=\"https:\/\/mentorodonto.com.br\/regeneracao-ossea-guiada-desafio-ou-solucao-abordagem-em-defeitos-osseos-criticos-edgard-franco-moraes-jr\/\">Edgar Franco Moraes Jr<\/a><\/strong><\/li><li style=\"text-align: left;\"><strong><a href=\"https:\/\/mentorodonto.com.br\/entrevista-internacional-adriano-piattelli\/\">Adriano Piattelli<\/a><\/strong><\/li><li style=\"text-align: left;\"><strong><a href=\"https:\/\/mentorodonto.com.br\/a-evolucao-dos-biomateriais-buscando-a-excelencia-nas-reabilitacoes-com-implantes-ricardo-ciantelli\/\">Ricardo Ciantelli<\/a>\u00a0<\/strong><\/li><li style=\"text-align: left;\"><strong><a href=\"https:\/\/mentorodonto.com.br\/mudanca-de-paradigma-nos-biomateriais-em-implantodontia-o-que-realmente-aconteceu-nas-ultimas-decadas-alberto-blay\/\">Alberto Blay<\/a>\u00a0<\/strong><\/li><li style=\"text-align: left;\"><strong><a href=\"https:\/\/mentorodonto.com.br\/mudanca-de-paradigma-nos-biomateriais-em-implantodontia-o-que-realmente-aconteceu-nas-ultimas-decadas-samy-tunchel\/\">Samy Tunchel<\/a>\u00a0<\/strong><\/li><li style=\"text-align: left;\"><strong><a href=\"https:\/\/mentorodonto.com.br\/laser-inovacao-no-uso-clinico-na-odontologia-e-periodontia-aldo-brugnera-jr-e-fatima-zanin\/\">Aldo Brugnera Junior<\/a>\u00a0<\/strong><\/li><li style=\"text-align: left;\"><strong><a href=\"https:\/\/mentorodonto.com.br\/levantamento-do-seio-maxilar-passo-a-passo-para-nao-ter-falha-jonathas-claus\/\">Jonathas Claus<\/a>\u00a0<\/strong><\/li><li style=\"text-align: left;\"><strong><a href=\"https:\/\/mentorodonto.com.br\/elevacao-de-assoalho-de-seio-maxilar-minimamente-invasiva-fernando-hayashi\/\">Fernando Hayashi<\/a>\u00a0<\/strong><\/li><li><h5><span style=\"color: #000000;\"><a style=\"color: #000000;\" href=\"https:\/\/mentorodonto.com.br\/reabilitacoes-da-maxila-posterior-discutindo-abordagens-para-o-sucesso-a-longo-prazo-jose-cavalcanti\/\">Jos\u00e9 Cavalcanti<\/a><\/span><\/h5><\/li><\/ul><\/div>\n\t\t\t\t<\/div>\n\t\t\t\t<\/div>\n\t\t\t\t<div class=\"elementor-element elementor-element-f6bbec8 elementor-widget elementor-widget-image\" data-id=\"f6bbec8\" data-element_type=\"widget\" data-widget_type=\"image.default\">\n\t\t\t\t<div class=\"elementor-widget-container\">\n\t\t\t\t\t<div class=\"elementor-image\">\n\t\t\t\t\t\t\t\t\t\t<img width=\"150\" height=\"91\" src=\"https:\/\/vmcom-knowledge.com.br\/intranet\/wp-content\/uploads\/2021\/03\/logotipo-novo-mentorodonto-150x91.png\" class=\"attachment-thumbnail size-thumbnail\" alt=\"\" loading=\"lazy\" srcset=\"https:\/\/vmcom-knowledge.com.br\/intranet\/wp-content\/uploads\/2021\/03\/logotipo-novo-mentorodonto-150x91.png 150w, https:\/\/vmcom-knowledge.com.br\/intranet\/wp-content\/uploads\/2021\/03\/logotipo-novo-mentorodonto-300x183.png 300w, https:\/\/vmcom-knowledge.com.br\/intranet\/wp-content\/uploads\/2021\/03\/logotipo-novo-mentorodonto-768x468.png 768w, https:\/\/vmcom-knowledge.com.br\/intranet\/wp-content\/uploads\/2021\/03\/logotipo-novo-mentorodonto.png 876w\" sizes=\"(max-width: 150px) 100vw, 150px\" \/>\t\t\t\t\t\t\t\t\t\t\t<\/div>\n\t\t\t\t<\/div>\n\t\t\t\t<\/div>\n\t\t\t\t<div class=\"elementor-element elementor-element-ae91660 elementor-widget elementor-widget-heading\" data-id=\"ae91660\" data-element_type=\"widget\" data-widget_type=\"heading.default\">\n\t\t\t\t<div class=\"elementor-widget-container\">\n\t\t\t<h2 class=\"elementor-heading-title elementor-size-default\">Responsabilidade Civil e Finan\u00e7as<\/h2>\t\t<\/div>\n\t\t\t\t<\/div>\n\t\t\t\t<div class=\"elementor-element elementor-element-f1bf516 elementor-widget elementor-widget-text-editor\" data-id=\"f1bf516\" data-element_type=\"widget\" data-widget_type=\"text-editor.default\">\n\t\t\t\t<div class=\"elementor-widget-container\">\n\t\t\t\t\t<div class=\"elementor-text-editor elementor-clearfix\"><ul><li style=\"text-align: left;\"><strong><a href=\"https:\/\/mentorodonto.com.br\/responsabilidade-civil-na-odontologia-andre-nigre\/\">Andr\u00e9 Nigre<\/a><\/strong><\/li><li><strong><a href=\"https:\/\/mentorodonto.com.br\/como-precificar-procedimentos-voce-ainda-pergunta-quanto-o-colega-cobra-eduardo-picanco\/\">Eduardo Pican\u00e7o<\/a><\/strong><\/li><li><a href=\"https:\/\/mentorodonto.com.br\/odontologia-baseada-em-evidencias-x-legislacao-aplicada-a-odontologia-renerson-gomes\/\"><strong>Renerson Gomes<\/strong><\/a><\/li><\/ul><\/div>\n\t\t\t\t<\/div>\n\t\t\t\t<\/div>\n\t\t\t\t<div class=\"elementor-element elementor-element-57757bb elementor-widget elementor-widget-heading\" data-id=\"57757bb\" data-element_type=\"widget\" data-widget_type=\"heading.default\">\n\t\t\t\t<div class=\"elementor-widget-container\">\n\t\t\t<h2 class=\"elementor-heading-title elementor-size-default\">Acesse f\u00e1cil o Mentor! Veja abaixo:<\/h2>\t\t<\/div>\n\t\t\t\t<\/div>\n\t\t\t\t<div class=\"elementor-element elementor-element-1a51ac9 elementor-aspect-ratio-169 elementor-widget elementor-widget-video\" data-id=\"1a51ac9\" data-element_type=\"widget\" data-settings=\"{&quot;video_type&quot;:&quot;hosted&quot;,&quot;controls&quot;:&quot;yes&quot;,&quot;aspect_ratio&quot;:&quot;169&quot;}\" data-widget_type=\"video.default\">\n\t\t\t\t<div class=\"elementor-widget-container\">\n\t\t\t\t\t<div class=\"e-hosted-video elementor-wrapper elementor-fit-aspect-ratio elementor-open-inline\">\n\t\t\t\t\t<video class=\"elementor-video\" src=\"https:\/\/vmcom-knowledge.com.br\/intranet\/wp-content\/uploads\/2021\/02\/www.mentorodonto.com_.br-logotipo-novo.mp4\" controls=\"\" controlsList=\"nodownload\"><\/video>\n\t\t\t\t<\/div>\n\t\t\t\t<\/div>\n\t\t\t\t<\/div>\n\t\t\t\t\t\t<\/div>\n\t\t\t\t\t<\/div>\n\t\t<\/div>\n\t\t\t\t\t\t\t\t<\/div>\n\t\t\t\t\t<\/div>\n\t\t<\/section>\n\t\t\t\t\t\t<\/div>\n\t\t\t\t\t<\/div>\n\t\t<\/div>\n\t\t\t\t\t\t\t\t<\/div>\n\t\t\t\t\t<\/div>\n\t\t<\/section>\n\t\t\t\t\t\t<\/div>\n\t\t\t\t\t\t<\/div>\n\t\t\t\t\t<\/div>\n\t\t","protected":false},"excerpt":{"rendered":"<p>Veteranos consagrados e jovens talentos! Implante e Pr\u00f3tese Dent\u00e1ria Biomec\u00e2nica e complica\u00e7\u00f5es Roberto Cruz\u00a0 Jos\u00e9 Cavalcanti\u00a0 Bruno Fusaro Franco Malagutti\u00a0 Ivete Sartori\u00a0 Wellington Bonachela\u00a0 Marcelo Abla\u00a0 Luiz Fernando Martins Andr\u00e9\u00a0 Ricardo Ciantelli\u00a0 S\u00e9rgio Jayme\u00a0 Fl\u00e1vio Monteiro Amado\u00a0 Laerte Schenkel\u00a0 Gustavo Vernazza\u00a0 German Gallucci\u00a0 Francesco Mintrone\u00a0 Vincenzo Musella\u00a0 David Troncoso\u00a0 Orlando Alvarez\u00a0 Eduardo Jose de Moraes [&hellip;]<\/p>\n","protected":false},"author":16,"featured_media":0,"comment_status":"closed","ping_status":"closed","sticky":false,"template":"","format":"standard","meta":[],"categories":[184],"tags":[],"yoast_head":"<!-- This site is optimized with the Yoast SEO plugin v16.0.2 - https:\/\/yoast.com\/wordpress\/plugins\/seo\/ -->\n<title>MentorOdonto - lista de professores e professoras - Intranet VMCom<\/title>\n<meta property=\"og:locale\" content=\"pt_BR\" \/>\n<meta property=\"og:type\" content=\"article\" \/>\n<meta property=\"og:title\" content=\"MentorOdonto - lista de professores e professoras - Intranet VMCom\" \/>\n<meta property=\"og:description\" content=\"Veteranos consagrados e jovens talentos! Implante e Pr\u00f3tese Dent\u00e1ria Biomec\u00e2nica e complica\u00e7\u00f5es Roberto Cruz\u00a0 Jos\u00e9 Cavalcanti\u00a0 Bruno Fusaro Franco Malagutti\u00a0 Ivete Sartori\u00a0 Wellington Bonachela\u00a0 Marcelo Abla\u00a0 Luiz Fernando Martins Andr\u00e9\u00a0 Ricardo Ciantelli\u00a0 S\u00e9rgio Jayme\u00a0 Fl\u00e1vio Monteiro Amado\u00a0 Laerte Schenkel\u00a0 Gustavo Vernazza\u00a0 German Gallucci\u00a0 Francesco Mintrone\u00a0 Vincenzo Musella\u00a0 David Troncoso\u00a0 Orlando Alvarez\u00a0 Eduardo Jose de Moraes [&hellip;]\" \/>\n<meta property=\"og:url\" content=\"https:\/\/vmcom-knowledge.com.br\/intranet\/mentorodonto-lista-de-professores-e-professoras\/\" \/>\n<meta property=\"og:site_name\" content=\"Intranet VMCom\" \/>\n<meta property=\"article:published_time\" content=\"2021-02-25T08:38:00+00:00\" \/>\n<meta property=\"article:modified_time\" content=\"2025-09-18T17:46:14+00:00\" \/>\n<meta property=\"og:image\" content=\"https:\/\/vmcom-knowledge.com.br\/intranet\/wp-content\/uploads\/2021\/03\/logotipo-novo-mentorodonto-150x91.png\" \/>\n<meta name=\"twitter:card\" content=\"summary_large_image\" \/>\n<meta name=\"twitter:label1\" content=\"Est. tempo de leitura\">\n\t<meta name=\"twitter:data1\" content=\"3 minutos\">\n<script type=\"application\/ld+json\" class=\"yoast-schema-graph\">{\"@context\":\"https:\/\/schema.org\",\"@graph\":[{\"@type\":\"WebSite\",\"@id\":\"https:\/\/vmcom-knowledge.com.br\/intranet\/#website\",\"url\":\"https:\/\/vmcom-knowledge.com.br\/intranet\/\",\"name\":\"Intranet VMCom\",\"description\":\"O seu canal de conhecimento\",\"potentialAction\":[{\"@type\":\"SearchAction\",\"target\":\"https:\/\/vmcom-knowledge.com.br\/intranet\/?s={search_term_string}\",\"query-input\":\"required name=search_term_string\"}],\"inLanguage\":\"pt-BR\"},{\"@type\":\"ImageObject\",\"@id\":\"https:\/\/vmcom-knowledge.com.br\/intranet\/mentorodonto-lista-de-professores-e-professoras\/#primaryimage\",\"inLanguage\":\"pt-BR\",\"url\":\"https:\/\/vmcom-knowledge.com.br\/intranet\/wp-content\/uploads\/2021\/03\/logotipo-novo-mentorodonto.png\",\"width\":876,\"height\":534},{\"@type\":\"WebPage\",\"@id\":\"https:\/\/vmcom-knowledge.com.br\/intranet\/mentorodonto-lista-de-professores-e-professoras\/#webpage\",\"url\":\"https:\/\/vmcom-knowledge.com.br\/intranet\/mentorodonto-lista-de-professores-e-professoras\/\",\"name\":\"MentorOdonto - lista de professores e professoras - Intranet VMCom\",\"isPartOf\":{\"@id\":\"https:\/\/vmcom-knowledge.com.br\/intranet\/#website\"},\"primaryImageOfPage\":{\"@id\":\"https:\/\/vmcom-knowledge.com.br\/intranet\/mentorodonto-lista-de-professores-e-professoras\/#primaryimage\"},\"datePublished\":\"2021-02-25T08:38:00+00:00\",\"dateModified\":\"2025-09-18T17:46:14+00:00\",\"author\":{\"@id\":\"https:\/\/vmcom-knowledge.com.br\/intranet\/#\/schema\/person\/eda222d7491d80ca40a6acb32d4011ba\"},\"breadcrumb\":{\"@id\":\"https:\/\/vmcom-knowledge.com.br\/intranet\/mentorodonto-lista-de-professores-e-professoras\/#breadcrumb\"},\"inLanguage\":\"pt-BR\",\"potentialAction\":[{\"@type\":\"ReadAction\",\"target\":[\"https:\/\/vmcom-knowledge.com.br\/intranet\/mentorodonto-lista-de-professores-e-professoras\/\"]}]},{\"@type\":\"BreadcrumbList\",\"@id\":\"https:\/\/vmcom-knowledge.com.br\/intranet\/mentorodonto-lista-de-professores-e-professoras\/#breadcrumb\",\"itemListElement\":[{\"@type\":\"ListItem\",\"position\":1,\"item\":{\"@type\":\"WebPage\",\"@id\":\"https:\/\/vmcom-knowledge.com.br\/intranet\/\",\"url\":\"https:\/\/vmcom-knowledge.com.br\/intranet\/\",\"name\":\"In\\u00edcio\"}},{\"@type\":\"ListItem\",\"position\":2,\"item\":{\"@type\":\"WebPage\",\"@id\":\"https:\/\/vmcom-knowledge.com.br\/intranet\/mentorodonto-lista-de-professores-e-professoras\/\",\"url\":\"https:\/\/vmcom-knowledge.com.br\/intranet\/mentorodonto-lista-de-professores-e-professoras\/\",\"name\":\"MentorOdonto &#8211; lista de professores e professoras\"}}]},{\"@type\":\"Person\",\"@id\":\"https:\/\/vmcom-knowledge.com.br\/intranet\/#\/schema\/person\/eda222d7491d80ca40a6acb32d4011ba\",\"name\":\"Paulo\",\"image\":{\"@type\":\"ImageObject\",\"@id\":\"https:\/\/vmcom-knowledge.com.br\/intranet\/#personlogo\",\"inLanguage\":\"pt-BR\",\"url\":\"https:\/\/secure.gravatar.com\/avatar\/90d73d8a10232fe66ac0f6bcb1740c8b?s=96&d=mm&r=g\",\"caption\":\"Paulo\"}}]}<\/script>\n<!-- \/ Yoast SEO plugin. -->","_links":{"self":[{"href":"https:\/\/vmcom-knowledge.com.br\/intranet\/wp-json\/wp\/v2\/posts\/11671"}],"collection":[{"href":"https:\/\/vmcom-knowledge.com.br\/intranet\/wp-json\/wp\/v2\/posts"}],"about":[{"href":"https:\/\/vmcom-knowledge.com.br\/intranet\/wp-json\/wp\/v2\/types\/post"}],"author":[{"embeddable":true,"href":"https:\/\/vmcom-knowledge.com.br\/intranet\/wp-json\/wp\/v2\/users\/16"}],"replies":[{"embeddable":true,"href":"https:\/\/vmcom-knowledge.com.br\/intranet\/wp-json\/wp\/v2\/comments?post=11671"}],"version-history":[{"count":478,"href":"https:\/\/vmcom-knowledge.com.br\/intranet\/wp-json\/wp\/v2\/posts\/11671\/revisions"}],"predecessor-version":[{"id":51035,"href":"https:\/\/vmcom-knowledge.com.br\/intranet\/wp-json\/wp\/v2\/posts\/11671\/revisions\/51035"}],"wp:attachment":[{"href":"https:\/\/vmcom-knowledge.com.br\/intranet\/wp-json\/wp\/v2\/media?parent=11671"}],"wp:term":[{"taxonomy":"category","embeddable":true,"href":"https:\/\/vmcom-knowledge.com.br\/intranet\/wp-json\/wp\/v2\/categories?post=11671"},{"taxonomy":"post_tag","embeddable":true,"href":"https:\/\/vmcom-knowledge.com.br\/intranet\/wp-json\/wp\/v2\/tags?post=11671"}],"curies":[{"name":"wp","href":"https:\/\/api.w.org\/{rel}","templated":true}]}}